{"id":1417,"date":"2013-12-16T09:33:35","date_gmt":"2013-12-16T08:33:35","guid":{"rendered":"http:\/\/saint-andre-d-olerargues.com\/wpdossier\/?p=1417"},"modified":"2013-12-17T08:30:26","modified_gmt":"2013-12-17T07:30:26","slug":"lorsque-le-reel-rejoint-le-virtuel-et-limaginaire","status":"publish","type":"post","link":"http:\/\/saint-andre-d-olerargues.com\/wpdossier\/blog\/2013\/12\/16\/lorsque-le-reel-rejoint-le-virtuel-et-limaginaire\/","title":{"rendered":"<strong>Lorsque le r\u00e9el rejoint le virtuel et l\u2019imaginaire <\/strong>"},"content":{"rendered":"<p>Je vous renvoie \u00e0 mes articles traitant de <a href=\"http:\/\/saint-andre-d-olerargues.com\/wpdossier\/blog\/2013\/07\/05\/la-face-cachee-des-choses\/\">la virtualit\u00e9 <\/a> en cliquant ce mot.<br \/>\net de <a href=\"http:\/\/saint-andre-d-olerargues.com\/wpdossier\/blog\/2013\/12\/10\/sur-le-big-bang-suite-et-fin\/\">l\u2019imaginaire<\/a> en cliquant aussi ce mot. <\/p>\n<p>Dans notre monde plein de surprise j\u2019ai rencontr\u00e9 le virtuel et l\u2019imaginaire !!! <\/p>\n<p>Et j\u2019ai pu en d\u00e9duire qu\u2019elle \u00e9tait la constante repr\u00e9sentant le rapport entre le virtuel et le r\u00e9el. <\/p>\n<p>Tout comme Newton qui a pris  conscience  de la gravit\u00e9 en voyant une pomme tomber de l\u2019arbre, ou Archim\u00e8de dans son bain, le rapport entre la virtualit\u00e9 et le r\u00e9el s\u2019est mat\u00e9rialis\u00e9 sous mes yeux \u00e9bahis, sous la forme d\u2019un tas de bois !!!<\/p>\n<p><a href=\"http:\/\/saint-andre-d-olerargues.com\/wpdossier\/wp-content\/uploads\/2013\/12\/bois.jpg\"><img loading=\"lazy\" src=\"http:\/\/saint-andre-d-olerargues.com\/wpdossier\/wp-content\/uploads\/2013\/12\/bois.jpg\" alt=\"bois\" width=\"605\" height=\"202\" class=\"alignnone size-full wp-image-1418\" srcset=\"http:\/\/saint-andre-d-olerargues.com\/wpdossier\/wp-content\/uploads\/2013\/12\/bois.jpg 605w, http:\/\/saint-andre-d-olerargues.com\/wpdossier\/wp-content\/uploads\/2013\/12\/bois-300x100.jpg 300w, http:\/\/saint-andre-d-olerargues.com\/wpdossier\/wp-content\/uploads\/2013\/12\/bois-600x200.jpg 600w\" sizes=\"(max-width: 605px) 100vw, 605px\" \/><\/a><\/p>\n<p>Je m&rsquo;explique :<\/p>\n<p>Nous avons fait installer une chemin\u00e9e et donc, nous avons command\u00e9 du bois \u2026 et s\u2019il pouvait \u00eatre sec, ce serait tellement mieux. <\/p>\n<p>\u2500 Je peux en avoir, m\u2019a dit l\u2019exploitant forestier local.<br \/>\n\u2500 D\u2019accord, livrez m\u2019en 2 tonnes, dis-je.<br \/>\n\u2500 Le bois sec nous le vendons au st\u00e8re car il est plus l\u00e9ger.<br \/>\n\u2500 D\u2019accord, livrez m\u2019en 3 st\u00e8res, lui redis-je.<\/p>\n<p>A quelque temps de l\u00e0 le forestier rappelle :<\/p>\n<p>\u2500 Une cliente s\u2019est d\u00e9sist\u00e9e, j\u2019ai 4 st\u00e8res vous les voulez ?<br \/>\n\u2500 D\u2019accord, livrez m\u2019en 4 st\u00e8res, reredis-je. <\/p>\n<p>Le bois est livr\u00e9, le bois est pay\u00e9, tout est parfait \u2026 ou presque\u2026<\/p>\n<p>J\u2019empile le bois, bien rang\u00e9 contre un mur et il me semble que \u00e7a ne fait pas un gros volume. Pour moi dans ma grande innocence, je pensais que 4 st\u00e8res \u00e7a faisait 4 m3 de volume.<br \/>\nVous aussi ? Et bien non !<br \/>\nJe mesure, je calcule et je trouve 2.6 m3 de volume ! Bizarre !<\/p>\n<p>Apr\u00e8s une petite recherche sur internet (mais comment faisions-nous avant !), je constate que :<\/p>\n<p>1.\tLe d\u00e9cret n\u00b0 75-1200 du 4 d\u00e9cembre 1975 d\u00e9clare : \u00ab Le st\u00e8re est employ\u00e9 pour mesurer le volume du bois de chauffage empil\u00e9. L&#8217;emploi du st\u00e8re devra cesser avant le 31 d\u00e9cembre 1977. \u00bb Ce n&rsquo;est plus une unit\u00e9 de mesure l\u00e9gale.<\/p>\n<p>2.\tLa difficult\u00e9 r\u00e9side dans le degr\u00e9 de s\u00e9chage du bois. Un bois plus sec p\u00e8se moins, chauffe mieux et se trouve \u00eatre plus l\u00e9ger qu&rsquo;un bois vert, qui p\u00e8se bien plus et br\u00fble moins bien, et \u00e0 volume \u00e9gal peut \u00eatre vendu plus cher au poids&#8230;<\/p>\n<p>3.\tPar d\u00e9finition un st\u00e8re est la quantit\u00e9 de bois en buches de 1 m\u00e8tre de long occupant un volume de 1 m\u00e8tre cube, donc avec les vides. <\/p>\n<p>4.\tG\u00e9n\u00e9ralement les forestiers ne livrent que 0,8 m\u00e8tre cube (voire 0,75 m3) lorsque le bois est coup\u00e9 en 0,5m et 0,7 m\u00e8tre cube (voire 0,6 m3) lorsqu\u2019il est coup\u00e9 en longueur de 0,33 m.<\/p>\n<p>Les forestiers (except\u00e9 les grandes exploitations) de notre r\u00e9gion coupent directement le bois en longueur de 0,50 m en for\u00eat.  Ils ne passent pas par le stade longueur de 1 m, et le bois est en vrac donc le st\u00e8re est estim\u00e9 \u00ab au nez \u00bb.  C\u2019est pourquoi il vaut mieux l\u2019acheter au poids ! <\/p>\n<p>Ce qui est plus grave, c\u2019est que cette pratique d\u2019utilisation du \u00ab st\u00e8re au pif \u00bb est cautionn\u00e9e par les organisations patronales de la fili\u00e8re bois.<\/p>\n<p>Donc en conclusion, j\u2019ai achet\u00e9 4 st\u00e8res virtuels ou imaginaires de bois, puisque cela n&rsquo;a jamais \u00e9t\u00e9 mesur\u00e9 !!! Et pour le m\u00eame prix j\u2019en connais la quantit\u00e9 r\u00e9elle, soit 2.6 st\u00e8res.<\/p>\n<p>On peut ainsi faire faire un pas de plus \u00e0 la m\u00e9canique quantique en \u00e9non\u00e7ant qu\u2019il existe une constante de rapport entre le virtuel et le r\u00e9el, cette constante que je nommerai \u00ab la constante du foutage de gueule \u00bb elle est \u00e9gale \u00e0 0.65 !<\/p>\n<p>CQFD  <\/p>\n<p>_________________________________________________________________________________<\/p>\n","protected":false},"excerpt":{"rendered":"<p>Je vous renvoie \u00e0 mes articles traitant de la virtualit\u00e9 en cliquant ce mot. et de l\u2019imaginaire en cliquant aussi ce mot. Dans notre monde plein de surprise j\u2019ai rencontr\u00e9 le virtuel et l\u2019imaginaire !!! Et j\u2019ai pu en d\u00e9duire qu\u2019elle \u00e9tait la constante repr\u00e9sentant le rapport entre le virtuel et le r\u00e9el. Tout comme Newton qui a pris conscience de la gravit\u00e9 en voyant une pomme tomber de l\u2019arbre, ou Archim\u00e8de dans son bain, le rapport entre la virtualit\u00e9 et le r\u00e9el s\u2019est mat\u00e9rialis\u00e9 sous mes yeux \u00e9bahis, sous la forme d\u2019un tas de bois !!! Je m&rsquo;explique : Nous avons fait installer une chemin\u00e9e et donc, nous avons command\u00e9 du bois \u2026 et s\u2019il pouvait \u00eatre sec, ce serait tellement mieux. \u2500 Je peux en avoir, m\u2019a dit l\u2019exploitant forestier local. \u2500 D\u2019accord, livrez m\u2019en 2 tonnes, dis-je. \u2500 Le bois sec nous le vendons au st\u00e8re car il est plus l\u00e9ger. \u2500 D\u2019accord, livrez m\u2019en 3 st\u00e8res, lui redis-je. A quelque temps de l\u00e0 le forestier rappelle : \u2500 Une cliente s\u2019est d\u00e9sist\u00e9e, j\u2019ai 4 st\u00e8res vous les voulez ? \u2500 D\u2019accord, livrez m\u2019en 4 st\u00e8res, reredis-je. Le bois est livr\u00e9, le bois est pay\u00e9, tout est [&hellip;]<\/p>\n","protected":false},"author":1,"featured_media":0,"comment_status":"open","ping_status":"open","sticky":false,"template":"","format":"standard","meta":[],"categories":[5],"tags":[],"_links":{"self":[{"href":"http:\/\/saint-andre-d-olerargues.com\/wpdossier\/wp-json\/wp\/v2\/posts\/1417"}],"collection":[{"href":"http:\/\/saint-andre-d-olerargues.com\/wpdossier\/wp-json\/wp\/v2\/posts"}],"about":[{"href":"http:\/\/saint-andre-d-olerargues.com\/wpdossier\/wp-json\/wp\/v2\/types\/post"}],"author":[{"embeddable":true,"href":"http:\/\/saint-andre-d-olerargues.com\/wpdossier\/wp-json\/wp\/v2\/users\/1"}],"replies":[{"embeddable":true,"href":"http:\/\/saint-andre-d-olerargues.com\/wpdossier\/wp-json\/wp\/v2\/comments?post=1417"}],"version-history":[{"count":4,"href":"http:\/\/saint-andre-d-olerargues.com\/wpdossier\/wp-json\/wp\/v2\/posts\/1417\/revisions"}],"predecessor-version":[{"id":1422,"href":"http:\/\/saint-andre-d-olerargues.com\/wpdossier\/wp-json\/wp\/v2\/posts\/1417\/revisions\/1422"}],"wp:attachment":[{"href":"http:\/\/saint-andre-d-olerargues.com\/wpdossier\/wp-json\/wp\/v2\/media?parent=1417"}],"wp:term":[{"taxonomy":"category","embeddable":true,"href":"http:\/\/saint-andre-d-olerargues.com\/wpdossier\/wp-json\/wp\/v2\/categories?post=1417"},{"taxonomy":"post_tag","embeddable":true,"href":"http:\/\/saint-andre-d-olerargues.com\/wpdossier\/wp-json\/wp\/v2\/tags?post=1417"}],"curies":[{"name":"wp","href":"https:\/\/api.w.org\/{rel}","templated":true}]}}