{"id":1988,"date":"2014-03-04T10:19:00","date_gmt":"2014-03-04T09:19:00","guid":{"rendered":"http:\/\/saint-andre-d-olerargues.com\/wpdossier\/?p=1988"},"modified":"2014-03-04T10:20:23","modified_gmt":"2014-03-04T09:20:23","slug":"saint-andre-dolerargues-elections-municipales-du-23-et-30-mars-2014","status":"publish","type":"post","link":"http:\/\/saint-andre-d-olerargues.com\/wpdossier\/blog\/2014\/03\/04\/saint-andre-dolerargues-elections-municipales-du-23-et-30-mars-2014\/","title":{"rendered":"<strong>SAINT ANDR\u00c9 D\u2019OL\u00c9RARGUES &#8211; \u00c9lections municipales du 23 et 30 mars 2014 <\/strong>"},"content":{"rendered":"<p><a href=\"http:\/\/saint-andre-d-olerargues.com\/wpdossier\/wp-content\/uploads\/2014\/03\/St-Andr\u00e9.jpg\"><img loading=\"lazy\" src=\"http:\/\/saint-andre-d-olerargues.com\/wpdossier\/wp-content\/uploads\/2014\/03\/St-Andr\u00e9.jpg\" alt=\"St Andr\u00e9\" width=\"1024\" height=\"394\" class=\"alignnone size-full wp-image-1989\" srcset=\"http:\/\/saint-andre-d-olerargues.com\/wpdossier\/wp-content\/uploads\/2014\/03\/St-Andr\u00e9.jpg 1024w, http:\/\/saint-andre-d-olerargues.com\/wpdossier\/wp-content\/uploads\/2014\/03\/St-Andr\u00e9-300x115.jpg 300w, http:\/\/saint-andre-d-olerargues.com\/wpdossier\/wp-content\/uploads\/2014\/03\/St-Andr\u00e9-800x307.jpg 800w\" sizes=\"(max-width: 1024px) 100vw, 1024px\" \/><\/a><br \/>\nSAINT ANDR\u00c9 D\u2019OL\u00c9RARGUES<\/p>\n<blockquote><p>Le mot du maire<\/p><\/blockquote>\n<p>Bonjour \u00e0 toutes et \u00e0 tous,<\/p>\n<p>Vous avez pu prendre connaissance de la liste municipale que nous avons distribu\u00e9e le  23 f\u00e9vrier. Il y a bien d\u2019autres personnes sur la commune que j\u2019aurais aim\u00e9 voir sur cette liste, mais avec onze candidats il fallait bien faire un choix !<\/p>\n<p>La liste des candidats pour le prochain mandat pr\u00e9sente un fort taux de renouvellement  (7  sur 11)<br \/>\nSi nous sommes \u00e9lus, vous aurez \u00e0 votre service une nouvelle \u00e9quipe toujours apolitique aux comp\u00e9tences multiples d\u00e9cid\u00e9e \u00e0 travailler pour le bien commun. <\/p>\n<p>Quelques projets :<\/p>\n<p>&#8211; La carte communale qui sera prochainement soumise \u00e0 une enqu\u00eate publique.<\/p>\n<p>&#8211; La station d\u2019\u00e9puration du Mas de Sellier.<\/p>\n<p>&#8211; Les rythmes scolaires si nous sommes contraints de les mettre en place !<\/p>\n<p>&#8211; Fin des travaux d\u2019acc\u00e8s PMR (Personnes \u00e0 Mobilit\u00e9 R\u00e9duite) mairie et place communale.<\/p>\n<p>&#8211; Am\u00e9nagement des points de collecte des OM et des emballages.<\/p>\n<p>&#8211; Revoir la prestation entretien des chemins.<\/p>\n<p>&#8211; Plus le fonctionnement de tous les jours, qui se r\u00e9p\u00e8te d\u2019ann\u00e9e en ann\u00e9e.<\/p>\n<p>Voil\u00e0 pour ce qui est de l\u2019essentiel, maintenant il y a bien d\u2019autres domaines dans lesquels notre nouvelle \u00e9quipe sera pr\u00eate \u00e0 s\u2019investir.<\/p>\n<p>La situation \u00e9conomique n\u2019est pas favorable  pour le d\u00e9veloppement de nos collectivit\u00e9s. De plus en plus de charges, de moins en moins de subventions, nous subissons les m\u00eames contraintes d\u2019aust\u00e9rit\u00e9 que les m\u00e9nages. Nous n&rsquo;allons pas ici faire le proc\u00e8s des march\u00e9s financiers, car il y aurait beaucoup \u00e0 dire, mais sous-estimer son pouvoir de nuisance, pourrait nous inciter \u00e0 vous faire des promesses que nous ne pourrons tenir.<\/p>\n<p>Avec les moyens que nous aurons, nous comptons faire le maximum pour le bien de tous, en privil\u00e9giant peut-\u00eatre les aspects de la vie qui ne sont pas encore contr\u00f4l\u00e9s par l\u2019argent !<br \/>\nVeuillez croire, Madame, Monsieur, \u00e0 notre engagement citoyen.<\/p>\n<p>Florent GANDI,  maire sortant<\/p>\n<blockquote><p>COMPOSITION DE LA NOUVELLE EQUIPE\n<\/p><\/blockquote>\n<p>GANDI Florent. Technicien CEA. Le Village<br \/>\nBEHNCKE Raoul. Educateur technique. Mas Blanquet<br \/>\nBOULL\u00c9 Val\u00e9rie.\tConseil en gestion et organisation des entreprises. Le Pr\u00e9 Malon.<br \/>\nBOUYSSOU B\u00e9atrice. M\u00e8re au foyer. La Cabane<br \/>\nCHEVALIER Lionel. Responsable d\u2019unit\u00e9 foresti\u00e8re.  Le Village<br \/>\nFERRARI Jean-Marie. Ouvrier AREVA. Mas de Sellier<br \/>\nLACOUSSE Nathalie. Assistant administratif. Mas de Sellier<br \/>\nLAVAL G\u00e9rard. Retrait\u00e9. Les Fabr\u00e8gues<br \/>\nMILOT Marie-Claude. Comptable. Le Village<br \/>\nROUSSEL Daniel.\tRetrait\u00e9. La Cadini\u00e8re<br \/>\nSOUFFLET Bernard. Exploitant agricole. Hameau de la B\u00e9gude<\/p>\n<p>Rappel  des nouvelles r\u00e8gles pour pouvoir voter dans les communes de moins de 1000 habitants :<\/p>\n<p>La pr\u00e9sentation d\u2019une pi\u00e8ce d\u2019identit\u00e9 devient obligatoire.<br \/>\nLe panachage est toujours autoris\u00e9,  mais impossibilit\u00e9 de voter pour une personne non candidate.<\/p>\n","protected":false},"excerpt":{"rendered":"<p>SAINT ANDR\u00c9 D\u2019OL\u00c9RARGUES Le mot du maire Bonjour \u00e0 toutes et \u00e0 tous, Vous avez pu prendre connaissance de la liste municipale que nous avons distribu\u00e9e le 23 f\u00e9vrier. Il y a bien d\u2019autres personnes sur la commune que j\u2019aurais aim\u00e9 voir sur cette liste, mais avec onze candidats il fallait bien faire un choix ! La liste des candidats pour le prochain mandat pr\u00e9sente un fort taux de renouvellement (7 sur 11) Si nous sommes \u00e9lus, vous aurez \u00e0 votre service une nouvelle \u00e9quipe toujours apolitique aux comp\u00e9tences multiples d\u00e9cid\u00e9e \u00e0 travailler pour le bien commun. Quelques projets : &#8211; La carte communale qui sera prochainement soumise \u00e0 une enqu\u00eate publique. &#8211; La station d\u2019\u00e9puration du Mas de Sellier. &#8211; Les rythmes scolaires si nous sommes contraints de les mettre en place ! &#8211; Fin des travaux d\u2019acc\u00e8s PMR (Personnes \u00e0 Mobilit\u00e9 R\u00e9duite) mairie et place communale. &#8211; Am\u00e9nagement des points de collecte des OM et des emballages. &#8211; Revoir la prestation entretien des chemins. &#8211; Plus le fonctionnement de tous les jours, qui se r\u00e9p\u00e8te d\u2019ann\u00e9e en ann\u00e9e. Voil\u00e0 pour ce qui est de l\u2019essentiel, maintenant il y a bien d\u2019autres domaines dans lesquels notre nouvelle \u00e9quipe sera [&hellip;]<\/p>\n","protected":false},"author":1,"featured_media":0,"comment_status":"open","ping_status":"open","sticky":false,"template":"","format":"standard","meta":[],"categories":[6],"tags":[],"_links":{"self":[{"href":"http:\/\/saint-andre-d-olerargues.com\/wpdossier\/wp-json\/wp\/v2\/posts\/1988"}],"collection":[{"href":"http:\/\/saint-andre-d-olerargues.com\/wpdossier\/wp-json\/wp\/v2\/posts"}],"about":[{"href":"http:\/\/saint-andre-d-olerargues.com\/wpdossier\/wp-json\/wp\/v2\/types\/post"}],"author":[{"embeddable":true,"href":"http:\/\/saint-andre-d-olerargues.com\/wpdossier\/wp-json\/wp\/v2\/users\/1"}],"replies":[{"embeddable":true,"href":"http:\/\/saint-andre-d-olerargues.com\/wpdossier\/wp-json\/wp\/v2\/comments?post=1988"}],"version-history":[{"count":3,"href":"http:\/\/saint-andre-d-olerargues.com\/wpdossier\/wp-json\/wp\/v2\/posts\/1988\/revisions"}],"predecessor-version":[{"id":1992,"href":"http:\/\/saint-andre-d-olerargues.com\/wpdossier\/wp-json\/wp\/v2\/posts\/1988\/revisions\/1992"}],"wp:attachment":[{"href":"http:\/\/saint-andre-d-olerargues.com\/wpdossier\/wp-json\/wp\/v2\/media?parent=1988"}],"wp:term":[{"taxonomy":"category","embeddable":true,"href":"http:\/\/saint-andre-d-olerargues.com\/wpdossier\/wp-json\/wp\/v2\/categories?post=1988"},{"taxonomy":"post_tag","embeddable":true,"href":"http:\/\/saint-andre-d-olerargues.com\/wpdossier\/wp-json\/wp\/v2\/tags?post=1988"}],"curies":[{"name":"wp","href":"https:\/\/api.w.org\/{rel}","templated":true}]}}