{"id":2576,"date":"2014-06-09T17:53:27","date_gmt":"2014-06-09T15:53:27","guid":{"rendered":"http:\/\/saint-andre-d-olerargues.com\/wpdossier\/?p=2576"},"modified":"2014-06-09T17:53:27","modified_gmt":"2014-06-09T15:53:27","slug":"redecoupage-des-regions-de-france","status":"publish","type":"post","link":"http:\/\/saint-andre-d-olerargues.com\/wpdossier\/blog\/2014\/06\/09\/redecoupage-des-regions-de-france\/","title":{"rendered":"<strong>Red\u00e9coupage des r\u00e9gions de France<\/strong>"},"content":{"rendered":"<p>Fran\u00e7ois Hollande mise beaucoup sur la r\u00e9forme, cens\u00e9e symboliser l&rsquo;acte II de son quinquennat, mais sa nouvelle France des r\u00e9gions est loin de faire l&rsquo;unanimit\u00e9.<br \/>\n54% des Fran\u00e7ais d\u00e9sapprouvent le red\u00e9coupage propos\u00e9 par le pr\u00e9sident de la R\u00e9publique, qui pr\u00e9voit de passer de 22 \u00e0 14 r\u00e9gions en France m\u00e9tropolitaine, selon un sondage Ifop pour le Midi Libre et i-T\u00e9l\u00e9, publi\u00e9 samedi 7 juin.<\/p>\n<p>Seules 42% des personnes interrog\u00e9es se disent satisfaites de la carte d\u00e9voil\u00e9e par le chef de l&rsquo;Etat.<\/p>\n<p>Une exception cependant dans le Sud-Ouest, signale le Midi Libre, o\u00f9 57% des sond\u00e9s sont favorables \u00e0 la r\u00e9forme.<br \/>\nRien d&rsquo;inattendu, commente l&rsquo;Ifop, car l&rsquo;Aquitaine n&rsquo;est pour l&rsquo;heure pas concern\u00e9e et Midi-Pyr\u00e9n\u00e9es devrait en sortir \u00ab\u00a0renforc\u00e9e\u00a0\u00bb.<\/p>\n<blockquote><p>Tout \u00e7a pour finalement en revenir au d\u00e9coupage existant 1000 ans plus t\u00f4t !\n<\/p><\/blockquote>\n<p>Comparons ces deux cartes :<\/p>\n<p>Le royaume de France sous Hugues CAPET en 987 et celui de Fran\u00e7ois Hollande en 2014<br \/>\n<a href=\"http:\/\/saint-andre-d-olerargues.com\/wpdossier\/wp-content\/uploads\/2014\/06\/carte1.jpg\"><img loading=\"lazy\" src=\"http:\/\/saint-andre-d-olerargues.com\/wpdossier\/wp-content\/uploads\/2014\/06\/carte1.jpg\" alt=\"carte1\" width=\"694\" height=\"358\" class=\"alignnone size-full wp-image-2577\" srcset=\"http:\/\/saint-andre-d-olerargues.com\/wpdossier\/wp-content\/uploads\/2014\/06\/carte1.jpg 694w, http:\/\/saint-andre-d-olerargues.com\/wpdossier\/wp-content\/uploads\/2014\/06\/carte1-300x154.jpg 300w\" sizes=\"(max-width: 694px) 100vw, 694px\" \/><\/a><\/p>\n<p>Le Comt\u00e9 de Flandre s\u2019appelle maintenant Nord Pas de Calais et la Comtesse Martine<\/p>\n<p>Le Comt\u00e9 de Vermandois s\u2019appelle aujourd\u2019hui Champagne Ardenne Picardie <\/p>\n<p>Le Duch\u00e9 de Normandie ne change qu\u2019en n\u2019\u00e9tant plus Duch\u00e9 <\/p>\n<p>Le Duch\u00e9 de Bretagne perd pareillement son titre de Duch\u00e9 <\/p>\n<p>Le Comt\u00e9 d\u2019Anjou prend un morceau du Duch\u00e9 de Bretagne et du Duch\u00e9 d\u2019Aquitaine pour faire les Pays de Loire.<\/p>\n<p>A remarquer que le Duch\u00e9 de Gascogne est devenu l\u2019Aquitaine et le Duch\u00e9 d\u2019Aquitaine de nagu\u00e8re est devenu un Centre Limousin Poitou Charente qui remonte jusqu&rsquo;\u00e0 la r\u00e9gion parisienne.<\/p>\n<p>L\u2019alsace-Lorraine est piqu\u00e9e au St Empire Romain Germanique (mais c\u2019est une autre histoire\u2026)<\/p>\n<p>Le Duch\u00e9 de Bourgogne fusionne avec le nord du Royaume de Bourgogne.<\/p>\n<p>Le reste du Royaume de Bourgogne forme au nord Rh\u00f4ne Alpe Auvergne et au sud PACA.<\/p>\n<p>Quant au Comt\u00e9 de Toulouse il fusionne avec le Marquisat de Gothie (ancienne Septimanie cr\u00e9\u00e9e par les romains) pour devenir Midi Pyr\u00e9n\u00e9es Languedoc Roussillon.<\/p>\n<blockquote><p>Mille ans pass\u00e9s et peu de choses chang\u00e9es !\n<\/p><\/blockquote>\n","protected":false},"excerpt":{"rendered":"<p>Fran\u00e7ois Hollande mise beaucoup sur la r\u00e9forme, cens\u00e9e symboliser l&rsquo;acte II de son quinquennat, mais sa nouvelle France des r\u00e9gions est loin de faire l&rsquo;unanimit\u00e9. 54% des Fran\u00e7ais d\u00e9sapprouvent le red\u00e9coupage propos\u00e9 par le pr\u00e9sident de la R\u00e9publique, qui pr\u00e9voit de passer de 22 \u00e0 14 r\u00e9gions en France m\u00e9tropolitaine, selon un sondage Ifop pour le Midi Libre et i-T\u00e9l\u00e9, publi\u00e9 samedi 7 juin. Seules 42% des personnes interrog\u00e9es se disent satisfaites de la carte d\u00e9voil\u00e9e par le chef de l&rsquo;Etat. Une exception cependant dans le Sud-Ouest, signale le Midi Libre, o\u00f9 57% des sond\u00e9s sont favorables \u00e0 la r\u00e9forme. Rien d&rsquo;inattendu, commente l&rsquo;Ifop, car l&rsquo;Aquitaine n&rsquo;est pour l&rsquo;heure pas concern\u00e9e et Midi-Pyr\u00e9n\u00e9es devrait en sortir \u00ab\u00a0renforc\u00e9e\u00a0\u00bb. Tout \u00e7a pour finalement en revenir au d\u00e9coupage existant 1000 ans plus t\u00f4t ! Comparons ces deux cartes : Le royaume de France sous Hugues CAPET en 987 et celui de Fran\u00e7ois Hollande en 2014 Le Comt\u00e9 de Flandre s\u2019appelle maintenant Nord Pas de Calais et la Comtesse Martine Le Comt\u00e9 de Vermandois s\u2019appelle aujourd\u2019hui Champagne Ardenne Picardie Le Duch\u00e9 de Normandie ne change qu\u2019en n\u2019\u00e9tant plus Duch\u00e9 Le Duch\u00e9 de Bretagne perd pareillement son titre de Duch\u00e9 Le Comt\u00e9 d\u2019Anjou prend un [&hellip;]<\/p>\n","protected":false},"author":1,"featured_media":0,"comment_status":"open","ping_status":"open","sticky":false,"template":"","format":"standard","meta":[],"categories":[21],"tags":[],"_links":{"self":[{"href":"http:\/\/saint-andre-d-olerargues.com\/wpdossier\/wp-json\/wp\/v2\/posts\/2576"}],"collection":[{"href":"http:\/\/saint-andre-d-olerargues.com\/wpdossier\/wp-json\/wp\/v2\/posts"}],"about":[{"href":"http:\/\/saint-andre-d-olerargues.com\/wpdossier\/wp-json\/wp\/v2\/types\/post"}],"author":[{"embeddable":true,"href":"http:\/\/saint-andre-d-olerargues.com\/wpdossier\/wp-json\/wp\/v2\/users\/1"}],"replies":[{"embeddable":true,"href":"http:\/\/saint-andre-d-olerargues.com\/wpdossier\/wp-json\/wp\/v2\/comments?post=2576"}],"version-history":[{"count":2,"href":"http:\/\/saint-andre-d-olerargues.com\/wpdossier\/wp-json\/wp\/v2\/posts\/2576\/revisions"}],"predecessor-version":[{"id":2579,"href":"http:\/\/saint-andre-d-olerargues.com\/wpdossier\/wp-json\/wp\/v2\/posts\/2576\/revisions\/2579"}],"wp:attachment":[{"href":"http:\/\/saint-andre-d-olerargues.com\/wpdossier\/wp-json\/wp\/v2\/media?parent=2576"}],"wp:term":[{"taxonomy":"category","embeddable":true,"href":"http:\/\/saint-andre-d-olerargues.com\/wpdossier\/wp-json\/wp\/v2\/categories?post=2576"},{"taxonomy":"post_tag","embeddable":true,"href":"http:\/\/saint-andre-d-olerargues.com\/wpdossier\/wp-json\/wp\/v2\/tags?post=2576"}],"curies":[{"name":"wp","href":"https:\/\/api.w.org\/{rel}","templated":true}]}}