{"id":2827,"date":"2014-08-02T16:27:26","date_gmt":"2014-08-02T14:27:26","guid":{"rendered":"http:\/\/saint-andre-d-olerargues.com\/wpdossier\/?p=2827"},"modified":"2014-08-02T16:28:31","modified_gmt":"2014-08-02T14:28:31","slug":"les-preparations-naturelles-ne-sont-plus-considerees-comme-des-pesticides","status":"publish","type":"post","link":"http:\/\/saint-andre-d-olerargues.com\/wpdossier\/blog\/2014\/08\/02\/les-preparations-naturelles-ne-sont-plus-considerees-comme-des-pesticides\/","title":{"rendered":"<strong>Les pr\u00e9parations naturelles ne sont plus consid\u00e9r\u00e9es comme des pesticides<\/strong>"},"content":{"rendered":"<p><a href=\"http:\/\/saint-andre-d-olerargues.com\/wpdossier\/wp-content\/uploads\/2014\/08\/ortie.jpg\"><img loading=\"lazy\" src=\"http:\/\/saint-andre-d-olerargues.com\/wpdossier\/wp-content\/uploads\/2014\/08\/ortie.jpg\" alt=\"ortie\" width=\"500\" height=\"375\" class=\"alignnone size-full wp-image-2828\" srcset=\"http:\/\/saint-andre-d-olerargues.com\/wpdossier\/wp-content\/uploads\/2014\/08\/ortie.jpg 500w, http:\/\/saint-andre-d-olerargues.com\/wpdossier\/wp-content\/uploads\/2014\/08\/ortie-300x225.jpg 300w\" sizes=\"(max-width: 500px) 100vw, 500px\" \/><\/a><\/p>\n<p>Un pas vient d\u2019\u00eatre franchi  (Enfin !) \u00e0 l\u2019Assembl\u00e9e nationale pour faciliter le passage \u00e0 une agriculture sans pesticides. Les pr\u00e9parations naturelles dites \u00ab peu pr\u00e9occupantes \u00bb (PNPP), comme le purin d\u2019ortie, de pr\u00eale mais aussi l\u2019argile ou le vinaigre blanc, ne seront plus soumises aux m\u00eames r\u00e8gles que les substances chimiques de synth\u00e8se. Un r\u00e9gime simplifi\u00e9 pour l\u2019utilisation et la commercialisation de ces pr\u00e9parations vient ainsi d\u2019\u00eatre reconnu par la Loi d\u2019avenir agricole, examin\u00e9e \u00e0 l\u2019Assembl\u00e9e nationale le 9 juillet.<\/p>\n<p><em> \u00ab A l\u2019heure o\u00f9 ce texte de loi veut promouvoir des syst\u00e8mes moins consommateurs de pesticides, il eut \u00e9t\u00e9 pour le moins incompr\u00e9hensible que des m\u00e9thodes alternatives simples et naturelles ne trouvent pas leur place \u00bb, <\/em>se r\u00e9jouit Brigitte Allain, d\u00e9put\u00e9e \u00e9cologiste de Dordogne.<\/p>\n<p>La liste des PNPP entrant dans la cat\u00e9gorie intitul\u00e9e <em>\u00ab biostimulants \u00bb<\/em> doit encore \u00eatre d\u00e9finie par voie r\u00e9glementaire, autrement dit par le minist\u00e8re de l\u2019Agriculture. Les militants de l\u2019Aspro-PNPP, association qui promeut ces pr\u00e9parations, assurent qu\u2019elle veillera \u00ab \u00e0 ce que les d\u00e9cisions qui seront prises permettent r\u00e9ellement la commercialisation et l\u2019utilisation des PNPP \u00bb. Ces derni\u00e8res ann\u00e9es, des agriculteurs, des jardiniers, des \u00e9lus et des consommateurs ont multipli\u00e9 les actions civiques en \u00e9pandant symboliquement sur les places publiques des pr\u00e9parations \u00e0 base d\u2019extraits v\u00e9g\u00e9taux. Une caravane pour la d\u00e9fense de l\u2019agro\u00e9cologie paysanne a \u00e9galement sillonn\u00e9 les routes fran\u00e7aises en mai dernier, pour alerter les d\u00e9put\u00e9s et s\u00e9nateurs sur les lourdeurs r\u00e9glementaires encadrant ces pr\u00e9parations. <\/p>\n<p>L\u2019amendement concernant les PNPP a \u00e9t\u00e9 adopt\u00e9 apr\u00e8s le passage en deuxi\u00e8me lecture au S\u00e9nat le 18 juillet.<\/p>\n","protected":false},"excerpt":{"rendered":"<p>Un pas vient d\u2019\u00eatre franchi (Enfin !) \u00e0 l\u2019Assembl\u00e9e nationale pour faciliter le passage \u00e0 une agriculture sans pesticides. Les pr\u00e9parations naturelles dites \u00ab peu pr\u00e9occupantes \u00bb (PNPP), comme le purin d\u2019ortie, de pr\u00eale mais aussi l\u2019argile ou le vinaigre blanc, ne seront plus soumises aux m\u00eames r\u00e8gles que les substances chimiques de synth\u00e8se. Un r\u00e9gime simplifi\u00e9 pour l\u2019utilisation et la commercialisation de ces pr\u00e9parations vient ainsi d\u2019\u00eatre reconnu par la Loi d\u2019avenir agricole, examin\u00e9e \u00e0 l\u2019Assembl\u00e9e nationale le 9 juillet. \u00ab A l\u2019heure o\u00f9 ce texte de loi veut promouvoir des syst\u00e8mes moins consommateurs de pesticides, il eut \u00e9t\u00e9 pour le moins incompr\u00e9hensible que des m\u00e9thodes alternatives simples et naturelles ne trouvent pas leur place \u00bb, se r\u00e9jouit Brigitte Allain, d\u00e9put\u00e9e \u00e9cologiste de Dordogne. La liste des PNPP entrant dans la cat\u00e9gorie intitul\u00e9e \u00ab biostimulants \u00bb doit encore \u00eatre d\u00e9finie par voie r\u00e9glementaire, autrement dit par le minist\u00e8re de l\u2019Agriculture. Les militants de l\u2019Aspro-PNPP, association qui promeut ces pr\u00e9parations, assurent qu\u2019elle veillera \u00ab \u00e0 ce que les d\u00e9cisions qui seront prises permettent r\u00e9ellement la commercialisation et l\u2019utilisation des PNPP \u00bb. Ces derni\u00e8res ann\u00e9es, des agriculteurs, des jardiniers, des \u00e9lus et des consommateurs ont multipli\u00e9 les actions civiques en \u00e9pandant [&hellip;]<\/p>\n","protected":false},"author":1,"featured_media":0,"comment_status":"open","ping_status":"open","sticky":false,"template":"","format":"standard","meta":[],"categories":[21],"tags":[],"_links":{"self":[{"href":"http:\/\/saint-andre-d-olerargues.com\/wpdossier\/wp-json\/wp\/v2\/posts\/2827"}],"collection":[{"href":"http:\/\/saint-andre-d-olerargues.com\/wpdossier\/wp-json\/wp\/v2\/posts"}],"about":[{"href":"http:\/\/saint-andre-d-olerargues.com\/wpdossier\/wp-json\/wp\/v2\/types\/post"}],"author":[{"embeddable":true,"href":"http:\/\/saint-andre-d-olerargues.com\/wpdossier\/wp-json\/wp\/v2\/users\/1"}],"replies":[{"embeddable":true,"href":"http:\/\/saint-andre-d-olerargues.com\/wpdossier\/wp-json\/wp\/v2\/comments?post=2827"}],"version-history":[{"count":2,"href":"http:\/\/saint-andre-d-olerargues.com\/wpdossier\/wp-json\/wp\/v2\/posts\/2827\/revisions"}],"predecessor-version":[{"id":2830,"href":"http:\/\/saint-andre-d-olerargues.com\/wpdossier\/wp-json\/wp\/v2\/posts\/2827\/revisions\/2830"}],"wp:attachment":[{"href":"http:\/\/saint-andre-d-olerargues.com\/wpdossier\/wp-json\/wp\/v2\/media?parent=2827"}],"wp:term":[{"taxonomy":"category","embeddable":true,"href":"http:\/\/saint-andre-d-olerargues.com\/wpdossier\/wp-json\/wp\/v2\/categories?post=2827"},{"taxonomy":"post_tag","embeddable":true,"href":"http:\/\/saint-andre-d-olerargues.com\/wpdossier\/wp-json\/wp\/v2\/tags?post=2827"}],"curies":[{"name":"wp","href":"https:\/\/api.w.org\/{rel}","templated":true}]}}