{"id":2986,"date":"2014-09-12T10:12:11","date_gmt":"2014-09-12T08:12:11","guid":{"rendered":"http:\/\/saint-andre-d-olerargues.com\/wpdossier\/?p=2986"},"modified":"2014-09-12T14:13:37","modified_gmt":"2014-09-12T12:13:37","slug":"encore-un-qui-fait-tres-peur-aux-mechants","status":"publish","type":"post","link":"http:\/\/saint-andre-d-olerargues.com\/wpdossier\/blog\/2014\/09\/12\/encore-un-qui-fait-tres-peur-aux-mechants\/","title":{"rendered":"<strong>Encore un qui fait tr\u00e8s peur aux m\u00e9chants !<\/strong>"},"content":{"rendered":"<p><a href=\"http:\/\/saint-andre-d-olerargues.com\/wpdossier\/wp-content\/uploads\/2014\/09\/Fran\u00e7ois.jpg\"><img loading=\"lazy\" src=\"http:\/\/saint-andre-d-olerargues.com\/wpdossier\/wp-content\/uploads\/2014\/09\/Fran\u00e7ois.jpg\" alt=\"Fran\u00e7ois\" width=\"605\" height=\"341\" class=\"alignnone size-full wp-image-2987\" srcset=\"http:\/\/saint-andre-d-olerargues.com\/wpdossier\/wp-content\/uploads\/2014\/09\/Fran\u00e7ois.jpg 605w, http:\/\/saint-andre-d-olerargues.com\/wpdossier\/wp-content\/uploads\/2014\/09\/Fran\u00e7ois-300x169.jpg 300w\" sizes=\"(max-width: 605px) 100vw, 605px\" \/><\/a><br \/>\nSource : tempsreel.nouvelobs.com &#8211;<\/p>\n<h2>Quand je pense que j&rsquo;ai vot\u00e9 pour lui &#8230;! Enfin , j&rsquo;ai vot\u00e9 \u00ab\u00a0contre\u00a0\u00bb l&rsquo;autre &#8230;<\/h2>\n<h1>Que l\u2019Etat islamique tremble &#8230; Fran\u00e7ois arrive &#8230; Tagada \u2026tagada &#8230; voil\u00e0 Fran\u00e7ois !<\/h1>\n<p>Fran\u00e7ois Hollande est arriv\u00e9 ce vendredi 12 septembre au matin en Irak o\u00f9 il entend t\u00e9moigner du soutien de la France au gouvernement fra\u00eechement form\u00e9 \u00e0 Bagdad et pr\u00e9ciser sa strat\u00e9gie \u00e0 l&rsquo;encontre des djihadistes de l&rsquo;Etat islamique (EI) que Barack Obama s&rsquo;est promis de \u00ab\u00a0d\u00e9truire\u00a0\u00bb.<\/p>\n<p>11 ans apr\u00e8s avoir refus\u00e9 de suivre Washington et Londres dans l&rsquo;invasion de l&rsquo;Irak, la France tente ainsi de revenir sur le devant de la sc\u00e8ne dans ce pays avec lequel elle a entretenu des liens historiques forts mais ambigus, sous le r\u00e9gime de Saddam Hussein &#8211; renvers\u00e9 par l&rsquo;invasion am\u00e9ricano-britannique de 2003.<\/p>\n<p>Le pr\u00e9sident fran\u00e7ais, accompagn\u00e9 du chef de la diplomatie, Laurent Fabius, et du ministre de la D\u00e9fense, Jean-Yves Le Drian, se rendra \u00e0 Bagdad pour y rencontrer le pr\u00e9sident irakien Fouad Massoum et le Premier ministre Ha\u00efdar al-Abadi.<\/p>\n<h2>Et si on laissait les Am\u00e9ricains r\u00e9parer seuls le bordel qu\u2019ils ont mis dans cette r\u00e9gion !<\/h2>\n<p>Le pr\u00e9sident fran\u00e7ais va \u00e9galement faire escale dans la journ\u00e9e \u00e0 Erbil, dans les pas de Laurent Fabius, qui s&rsquo;\u00e9tait rendu le 10 ao\u00fbt dans la capitale de la r\u00e9gion autonome du Kurdistan irakien, pour y superviser la livraison de 15 tonnes d&rsquo;aide humanitaire fran\u00e7aise aux r\u00e9fugi\u00e9s fuyant la progression fulgurante des djihadistes de l&rsquo;EI.<\/p>\n<p>\u00ab A une menace globale, il fallait une r\u00e9ponse globale dans toutes ses dimensions \u00bb, militaire, diplomatique et humanitaire, souligne-t-on \u00e0 Paris o\u00f9 l&rsquo;on pr\u00e9cise que la conf\u00e9rence se penchera \u00e9galement sur les moyens de tarir les sources de financement de l&rsquo;EI et ses fili\u00e8res de recrutement de combattants \u00e9trangers. La participation de l&rsquo;Iran \u00e0 la conf\u00e9rence, sans \u00eatre exclue, \u00e9tait toutefois encore en suspens jeudi soir, exigeant un consensus, dixit le Pr\u00e9sident.<\/p>\n<p>Depuis l&rsquo;\u00e9t\u00e9, La France fournit d\u00e9j\u00e0 de l&rsquo;armement aux combattants kurdes engag\u00e9s contre les djihadistes de l&rsquo;Etat islamique et achemine une assistance humanitaire aux r\u00e9fugi\u00e9s chr\u00e9tiens et y\u00e9zidis dans le nord du pays.<\/p>\n<p>On ne peut pas laisser se cr\u00e9er un sanctuaire islamiste \u00e0 cinq heures de vol de Paris\u00a0\u00bb, explique une source diplomatique fran\u00e7aise.<\/p>\n<h2>\u00ab\u00a0Affaiblir consid\u00e9rablement Daesh\u00a0\u00bb (acronyme de l&rsquo;\u00c9tat islamique en arabe). <\/h2>\n<p>Les Etats-Unis ont obtenu de leur c\u00f4t\u00e9 jeudi le soutien de dix pays arabes \u00e0 la campagne lanc\u00e9e par Barack Obama pour \u00ab\u00a0\u00e9radiquer\u00a0\u00bb les djihadistes de l&rsquo;EI en Irak et jusqu&rsquo;en Syrie. Mercredi soir, lors d&rsquo;une allocution solennelle depuis la Maison Blanche, le pr\u00e9sident am\u00e9ricain s&rsquo;est dit pr\u00eat \u00e0 frapper les djihadistes de l&rsquo;EI jusqu&rsquo;en Syrie et \u00e0 intensifier les raids men\u00e9s en Irak depuis un mois.<\/p>\n<h2>Comment faire de la pub pour le Rafale ?<\/h2>\n<p>Quelques heures auparavant, la France avait annonc\u00e9 par la voix de Laurent Fabius qu&rsquo;elle participerait \u00ab\u00a0si n\u00e9cessaire \u00e0 une action militaire a\u00e9rienne\u00a0\u00bb en Irak.<\/p>\n<p>Paris n&rsquo;exclut plus d\u00e9sormais aussi de participer aux frappes en Syrie, l&rsquo;objectif, explique-t-on dans la capitale fran\u00e7aise, \u00e9tant d&rsquo; \u00ab affaiblir consid\u00e9rablement Daesh \u00bb <\/p>\n<p>La France dispose de six avions Rafale et d&rsquo;un peu moins d&rsquo;un millier de soldats aux Emirats arabes unis.<\/p>\n<p>Avec six avions, \u00e7a va faire mal !<\/p>\n<p>Il y a un an, Paris \u00e9tait d\u00e9j\u00e0 en pointe pour qu&rsquo;il soit proc\u00e9d\u00e9 \u00e0 des frappes a\u00e9riennes &#8211; \u00e0 l&rsquo;\u00e9poque contre le r\u00e9gime syrien -, mais avait d\u00fb revoir in extremis ses plans quand les Etats-Unis avaient renonc\u00e9 \u00e0 cette op\u00e9ration. Cette fois, assure-t-on de source fran\u00e7aise, les op\u00e9rations sont planifi\u00e9es \u00ab\u00a0en plein accord\u00a0\u00bb avec &#8230; Washington &#8230; c&rsquo;est qui le chef ?<\/p>\n<p>______________________________________________________________________________<\/p>\n","protected":false},"excerpt":{"rendered":"<p>Source : tempsreel.nouvelobs.com &#8211; Quand je pense que j&rsquo;ai vot\u00e9 pour lui &#8230;! Enfin , j&rsquo;ai vot\u00e9 \u00ab\u00a0contre\u00a0\u00bb l&rsquo;autre &#8230; Que l\u2019Etat islamique tremble &#8230; Fran\u00e7ois arrive &#8230; Tagada \u2026tagada &#8230; voil\u00e0 Fran\u00e7ois ! Fran\u00e7ois Hollande est arriv\u00e9 ce vendredi 12 septembre au matin en Irak o\u00f9 il entend t\u00e9moigner du soutien de la France au gouvernement fra\u00eechement form\u00e9 \u00e0 Bagdad et pr\u00e9ciser sa strat\u00e9gie \u00e0 l&rsquo;encontre des djihadistes de l&rsquo;Etat islamique (EI) que Barack Obama s&rsquo;est promis de \u00ab\u00a0d\u00e9truire\u00a0\u00bb. 11 ans apr\u00e8s avoir refus\u00e9 de suivre Washington et Londres dans l&rsquo;invasion de l&rsquo;Irak, la France tente ainsi de revenir sur le devant de la sc\u00e8ne dans ce pays avec lequel elle a entretenu des liens historiques forts mais ambigus, sous le r\u00e9gime de Saddam Hussein &#8211; renvers\u00e9 par l&rsquo;invasion am\u00e9ricano-britannique de 2003. Le pr\u00e9sident fran\u00e7ais, accompagn\u00e9 du chef de la diplomatie, Laurent Fabius, et du ministre de la D\u00e9fense, Jean-Yves Le Drian, se rendra \u00e0 Bagdad pour y rencontrer le pr\u00e9sident irakien Fouad Massoum et le Premier ministre Ha\u00efdar al-Abadi. Et si on laissait les Am\u00e9ricains r\u00e9parer seuls le bordel qu\u2019ils ont mis dans cette r\u00e9gion ! Le pr\u00e9sident fran\u00e7ais va \u00e9galement faire escale dans la journ\u00e9e \u00e0 Erbil, [&hellip;]<\/p>\n","protected":false},"author":1,"featured_media":0,"comment_status":"open","ping_status":"open","sticky":false,"template":"","format":"standard","meta":[],"categories":[21],"tags":[],"_links":{"self":[{"href":"http:\/\/saint-andre-d-olerargues.com\/wpdossier\/wp-json\/wp\/v2\/posts\/2986"}],"collection":[{"href":"http:\/\/saint-andre-d-olerargues.com\/wpdossier\/wp-json\/wp\/v2\/posts"}],"about":[{"href":"http:\/\/saint-andre-d-olerargues.com\/wpdossier\/wp-json\/wp\/v2\/types\/post"}],"author":[{"embeddable":true,"href":"http:\/\/saint-andre-d-olerargues.com\/wpdossier\/wp-json\/wp\/v2\/users\/1"}],"replies":[{"embeddable":true,"href":"http:\/\/saint-andre-d-olerargues.com\/wpdossier\/wp-json\/wp\/v2\/comments?post=2986"}],"version-history":[{"count":3,"href":"http:\/\/saint-andre-d-olerargues.com\/wpdossier\/wp-json\/wp\/v2\/posts\/2986\/revisions"}],"predecessor-version":[{"id":2995,"href":"http:\/\/saint-andre-d-olerargues.com\/wpdossier\/wp-json\/wp\/v2\/posts\/2986\/revisions\/2995"}],"wp:attachment":[{"href":"http:\/\/saint-andre-d-olerargues.com\/wpdossier\/wp-json\/wp\/v2\/media?parent=2986"}],"wp:term":[{"taxonomy":"category","embeddable":true,"href":"http:\/\/saint-andre-d-olerargues.com\/wpdossier\/wp-json\/wp\/v2\/categories?post=2986"},{"taxonomy":"post_tag","embeddable":true,"href":"http:\/\/saint-andre-d-olerargues.com\/wpdossier\/wp-json\/wp\/v2\/tags?post=2986"}],"curies":[{"name":"wp","href":"https:\/\/api.w.org\/{rel}","templated":true}]}}