{"id":3279,"date":"2014-10-14T10:14:13","date_gmt":"2014-10-14T08:14:13","guid":{"rendered":"http:\/\/saint-andre-d-olerargues.com\/wpdossier\/?p=3279"},"modified":"2014-10-14T19:01:21","modified_gmt":"2014-10-14T17:01:21","slug":"des-industriels-francais-sunissent-pour-le-gaz-de-schiste","status":"publish","type":"post","link":"http:\/\/saint-andre-d-olerargues.com\/wpdossier\/blog\/2014\/10\/14\/des-industriels-francais-sunissent-pour-le-gaz-de-schiste\/","title":{"rendered":"<strong>Des industriels fran\u00e7ais s&rsquo;unissent pour le gaz de schiste<\/strong>"},"content":{"rendered":"<p><a href=\"http:\/\/saint-andre-d-olerargues.com\/wpdossier\/wp-content\/uploads\/2014\/10\/Gaz-de-schiste-5.jpg\"><img loading=\"lazy\" src=\"http:\/\/saint-andre-d-olerargues.com\/wpdossier\/wp-content\/uploads\/2014\/10\/Gaz-de-schiste-5.jpg\" alt=\"Gaz de schiste 5\" width=\"605\" height=\"387\" class=\"alignnone size-full wp-image-3280\" srcset=\"http:\/\/saint-andre-d-olerargues.com\/wpdossier\/wp-content\/uploads\/2014\/10\/Gaz-de-schiste-5.jpg 605w, http:\/\/saint-andre-d-olerargues.com\/wpdossier\/wp-content\/uploads\/2014\/10\/Gaz-de-schiste-5-300x191.jpg 300w\" sizes=\"(max-width: 605px) 100vw, 605px\" \/><\/a>Source : Le Journal du Dimanche<\/p>\n<h1>Gaz de schiste, ce n\u2019est pas fini \u2026 de gr\u00e9 ou de force on va y avoir droit. Les regrets viendront ensuite. Et nos politiques diront \u00ab d\u00e9sol\u00e9s on ne savait pas, ce n\u2019est pas moi c\u2019est lui ! \u00bb<\/h1>\n<h2>Un observatoire sera cr\u00e9\u00e9 d\u00e9but 2015 pour informer et convaincre sur les bienfaits d\u2019une exploration. <\/h2>\n<p>Les pro-gaz de schiste ne d\u00e9sarment pas. Une quinzaine d&rsquo;industriels fran\u00e7ais phosphorent depuis plusieurs mois sur la cr\u00e9ation d&rsquo;un \u00ab\u00a0centre d&rsquo;information et de documentation\u00a0\u00bb sur le gaz de schiste. L&rsquo;objectif serait de collecter un maximum de \u00ab\u00a0donn\u00e9es et d&rsquo;informations v\u00e9rifi\u00e9es et cr\u00e9dibles, car on entend tout et n&rsquo;importe quoi sur le sujet\u00a0\u00bb, explique l&rsquo;un des leaders de ce projet. Encore secret &#8211; car pas finalis\u00e9 -, cet observatoire devrait voir le jour \u00e0 la fin de l&rsquo;ann\u00e9e 2014 ou au d\u00e9but de l&rsquo;ann\u00e9e 2015 pour continuer \u00e0 peser dans le d\u00e9bat. Il regroupera des industriels, des \u00e9conomistes, des sociologues et des scientifiques pour traiter des questions sur l&rsquo;exploration, l&rsquo;exploitation, la technique de fracturation hydraulique.<\/p>\n<p>Parmi ces industriels fran\u00e7ais devraient s&rsquo;investir des groupes tels que Total, GDF Suez, Imerys ou encore Vallourec. En Europe, par exemple, l&rsquo;industrie de la p\u00e9trochimie souffre de l&rsquo;essor du gaz de schiste aux \u00c9tats-Unis. Le PDG du chimiste franco-belge Solvay, Jean-Pierre Clamadieu, s&rsquo;en est d&rsquo;ailleurs souvent plaint. Les porteurs du projet aff\u00fbtent surtout leurs armes pour faire du lobbying aupr\u00e8s de la Commission europ\u00e9enne et la convaincre de lancer l&rsquo;exploration de gisements en Europe. \u00c0 ce jour, seuls les Anglais, les Polonais et les Danois se sont lanc\u00e9s dans l&rsquo;aventure.<\/p>\n<p>_____________________________________________________________________________<\/p>\n","protected":false},"excerpt":{"rendered":"<p>Source : Le Journal du Dimanche Gaz de schiste, ce n\u2019est pas fini \u2026 de gr\u00e9 ou de force on va y avoir droit. Les regrets viendront ensuite. Et nos politiques diront \u00ab d\u00e9sol\u00e9s on ne savait pas, ce n\u2019est pas moi c\u2019est lui ! \u00bb Un observatoire sera cr\u00e9\u00e9 d\u00e9but 2015 pour informer et convaincre sur les bienfaits d\u2019une exploration. Les pro-gaz de schiste ne d\u00e9sarment pas. Une quinzaine d&rsquo;industriels fran\u00e7ais phosphorent depuis plusieurs mois sur la cr\u00e9ation d&rsquo;un \u00ab\u00a0centre d&rsquo;information et de documentation\u00a0\u00bb sur le gaz de schiste. L&rsquo;objectif serait de collecter un maximum de \u00ab\u00a0donn\u00e9es et d&rsquo;informations v\u00e9rifi\u00e9es et cr\u00e9dibles, car on entend tout et n&rsquo;importe quoi sur le sujet\u00a0\u00bb, explique l&rsquo;un des leaders de ce projet. Encore secret &#8211; car pas finalis\u00e9 -, cet observatoire devrait voir le jour \u00e0 la fin de l&rsquo;ann\u00e9e 2014 ou au d\u00e9but de l&rsquo;ann\u00e9e 2015 pour continuer \u00e0 peser dans le d\u00e9bat. Il regroupera des industriels, des \u00e9conomistes, des sociologues et des scientifiques pour traiter des questions sur l&rsquo;exploration, l&rsquo;exploitation, la technique de fracturation hydraulique. Parmi ces industriels fran\u00e7ais devraient s&rsquo;investir des groupes tels que Total, GDF Suez, Imerys ou encore Vallourec. En Europe, par exemple, l&rsquo;industrie de la p\u00e9trochimie [&hellip;]<\/p>\n","protected":false},"author":1,"featured_media":0,"comment_status":"open","ping_status":"open","sticky":false,"template":"","format":"standard","meta":[],"categories":[21],"tags":[],"_links":{"self":[{"href":"http:\/\/saint-andre-d-olerargues.com\/wpdossier\/wp-json\/wp\/v2\/posts\/3279"}],"collection":[{"href":"http:\/\/saint-andre-d-olerargues.com\/wpdossier\/wp-json\/wp\/v2\/posts"}],"about":[{"href":"http:\/\/saint-andre-d-olerargues.com\/wpdossier\/wp-json\/wp\/v2\/types\/post"}],"author":[{"embeddable":true,"href":"http:\/\/saint-andre-d-olerargues.com\/wpdossier\/wp-json\/wp\/v2\/users\/1"}],"replies":[{"embeddable":true,"href":"http:\/\/saint-andre-d-olerargues.com\/wpdossier\/wp-json\/wp\/v2\/comments?post=3279"}],"version-history":[{"count":3,"href":"http:\/\/saint-andre-d-olerargues.com\/wpdossier\/wp-json\/wp\/v2\/posts\/3279\/revisions"}],"predecessor-version":[{"id":3283,"href":"http:\/\/saint-andre-d-olerargues.com\/wpdossier\/wp-json\/wp\/v2\/posts\/3279\/revisions\/3283"}],"wp:attachment":[{"href":"http:\/\/saint-andre-d-olerargues.com\/wpdossier\/wp-json\/wp\/v2\/media?parent=3279"}],"wp:term":[{"taxonomy":"category","embeddable":true,"href":"http:\/\/saint-andre-d-olerargues.com\/wpdossier\/wp-json\/wp\/v2\/categories?post=3279"},{"taxonomy":"post_tag","embeddable":true,"href":"http:\/\/saint-andre-d-olerargues.com\/wpdossier\/wp-json\/wp\/v2\/tags?post=3279"}],"curies":[{"name":"wp","href":"https:\/\/api.w.org\/{rel}","templated":true}]}}