{"id":3555,"date":"2014-11-26T10:42:23","date_gmt":"2014-11-26T09:42:23","guid":{"rendered":"http:\/\/saint-andre-d-olerargues.com\/wpdossier\/?p=3555"},"modified":"2014-11-26T10:42:23","modified_gmt":"2014-11-26T09:42:23","slug":"encore-une-des-raisons-de-la-guerre-de-14-18","status":"publish","type":"post","link":"http:\/\/saint-andre-d-olerargues.com\/wpdossier\/blog\/2014\/11\/26\/encore-une-des-raisons-de-la-guerre-de-14-18\/","title":{"rendered":"<strong>Encore une des raisons de la Guerre de 14-18<\/strong>"},"content":{"rendered":"<p><a href=\"http:\/\/saint-andre-d-olerargues.com\/wpdossier\/wp-content\/uploads\/2014\/11\/Urinoir.jpg\"><img loading=\"lazy\" src=\"http:\/\/saint-andre-d-olerargues.com\/wpdossier\/wp-content\/uploads\/2014\/11\/Urinoir.jpg\" alt=\"Urinoir\" width=\"447\" height=\"720\" class=\"alignnone size-full wp-image-3556\" srcset=\"http:\/\/saint-andre-d-olerargues.com\/wpdossier\/wp-content\/uploads\/2014\/11\/Urinoir.jpg 447w, http:\/\/saint-andre-d-olerargues.com\/wpdossier\/wp-content\/uploads\/2014\/11\/Urinoir-186x300.jpg 186w\" sizes=\"(max-width: 447px) 100vw, 447px\" \/><\/a><\/p>\n<p>Lorsqu\u2019il s&rsquo;engage dans l&rsquo;organisation, pour 1915, d&rsquo;une Exposition universelle d&rsquo;un genre nouveau, le gouvernement fran\u00e7ais ne s&rsquo;attend pas \u00e0 devoir composer avec les fantaisies des artistes d&rsquo;avant-garde, aux premiers rangs desquels Marcel Duchamp, Erik Satie et Apollinaire. Pourtant, apr\u00e8s quelques quiproquos, les voici bombard\u00e9s responsables de l&rsquo;\u00e9v\u00e8nement, sous la houlette de Mara Bijou, patronne lilliputienne d&rsquo;une maison close des Boulevards, bien d\u00e9cid\u00e9e \u00e0 profiter de l&rsquo;occasion pour redorer l&rsquo;image de sa profession. Paris se transforme pour accueillir l&rsquo;Expo lorsqu&rsquo;un parti violemment hostile commence \u00e0 se faire entendre : processions, manifestations et m\u00eame attentat criminel menacent de tout remettre en cause. C&rsquo;est que ce projet, pacifiste, f\u00e9ministe et social nuit \u00e0 des int\u00e9r\u00eats tr\u00e8s puissants. Il faudra toutes les ressources des brigades mobiles de la pr\u00e9fecture de police, assist\u00e9es pour l&rsquo;occasion par quelques monte-en-l&rsquo;air et forceurs de coffre &#8211; forts, pour identifier les coupables. <\/p>\n<p>Mais cela suffira-t-il \u00e0 les neutraliser? Seule l&rsquo;Histoire en d\u00e9cidera.<\/p>\n<p>Laurent Flieder et Dominique Lesbros redonnent vie \u00e0 des personnages ayant exist\u00e9, de personnages mythiques, et leur font rencontrer des personnages fictifs mais paraissant tout aussi r\u00e9els.<br \/>\nC&rsquo;est une carte postale de l&rsquo;\u00e9poque, de Paris dans les ann\u00e9es d&rsquo;avant-guerre (de 14), des conflits politiques, des divergences d&rsquo;opinions et d&rsquo;int\u00e9r\u00eats (notamment la confrontation pudibonderie\/prostitution&#8230;), dans lesquels les auteurs (formant un duo hyper accord\u00e9) insufflent un vent de folie, de quiproquos et dialogues savoureux, au sein d&rsquo;une enqu\u00eate rythm\u00e9e et loin d&rsquo;\u00eatre d\u00e9nu\u00e9e d&rsquo;une r\u00e9elle r\u00e9flexion.<\/p>\n<p>Cette histoire va de la pr\u00e9paration de l\u2019exposition Universelle de 1915 qui n\u2019a jamais eu lieu \u00e0 l\u2019assassinat de Jean Jaur\u00e8s qui a eu lieu !<\/p>\n<p>Au-del\u00e0 du c\u00f4t\u00e9 burlesque et dr\u00f4le du roman, ce livre, \u00e0 l&rsquo;immense connaissance de l&rsquo;\u00e9poque, contient un discours g\u00e9n\u00e9ral de tol\u00e9rance en m\u00eame temps que de vigilance, et souligne une certaine \u00ab\u00a0ironie\u00a0\u00bb\/les b\u00e2tons mis dans les roues de la paix, l&rsquo;instrumentalisation probable\/possible de certains.<\/p>\n<p>On le referme en ayant beaucoup souri, mais en pensant aussi aux d\u00e9g\u00e2ts que provoquent parfois certains int\u00e9r\u00eats industriels et politiques, au d\u00e9triment de l&rsquo;humain. <\/p>\n<p><strong><em>\u00ab\u00a0&#8230; ce qui les g\u00eane, ce n&rsquo;est pas l&rsquo;Expo mais le pacifisme qu&rsquo;elle r\u00e9pand dans l&rsquo;opinion. L&rsquo;entente qu&rsquo;elle \u00e9tablit entre les peuples des diff\u00e9rentes nations, si contraire \u00e0 la folie guerri\u00e8re qui occupe ces temps-ci les discours et les actes de tous les dirigeants. Et nul ne sait jusqu&rsquo;o\u00f9 ils peuvent aller, ni de quoi ils sont capables.\u00a0\u00bb<br \/>\n<\/em><br \/>\n<\/strong><iframe width=\"560\" height=\"315\" src=\"\/\/www.youtube.com\/embed\/qfuS5oJmIEA\" frameborder=\"0\" allowfullscreen><\/iframe><\/p>\n","protected":false},"excerpt":{"rendered":"<p>Lorsqu\u2019il s&rsquo;engage dans l&rsquo;organisation, pour 1915, d&rsquo;une Exposition universelle d&rsquo;un genre nouveau, le gouvernement fran\u00e7ais ne s&rsquo;attend pas \u00e0 devoir composer avec les fantaisies des artistes d&rsquo;avant-garde, aux premiers rangs desquels Marcel Duchamp, Erik Satie et Apollinaire. Pourtant, apr\u00e8s quelques quiproquos, les voici bombard\u00e9s responsables de l&rsquo;\u00e9v\u00e8nement, sous la houlette de Mara Bijou, patronne lilliputienne d&rsquo;une maison close des Boulevards, bien d\u00e9cid\u00e9e \u00e0 profiter de l&rsquo;occasion pour redorer l&rsquo;image de sa profession. Paris se transforme pour accueillir l&rsquo;Expo lorsqu&rsquo;un parti violemment hostile commence \u00e0 se faire entendre : processions, manifestations et m\u00eame attentat criminel menacent de tout remettre en cause. C&rsquo;est que ce projet, pacifiste, f\u00e9ministe et social nuit \u00e0 des int\u00e9r\u00eats tr\u00e8s puissants. Il faudra toutes les ressources des brigades mobiles de la pr\u00e9fecture de police, assist\u00e9es pour l&rsquo;occasion par quelques monte-en-l&rsquo;air et forceurs de coffre &#8211; forts, pour identifier les coupables. Mais cela suffira-t-il \u00e0 les neutraliser? Seule l&rsquo;Histoire en d\u00e9cidera. Laurent Flieder et Dominique Lesbros redonnent vie \u00e0 des personnages ayant exist\u00e9, de personnages mythiques, et leur font rencontrer des personnages fictifs mais paraissant tout aussi r\u00e9els. C&rsquo;est une carte postale de l&rsquo;\u00e9poque, de Paris dans les ann\u00e9es d&rsquo;avant-guerre (de 14), des conflits politiques, des divergences d&rsquo;opinions [&hellip;]<\/p>\n","protected":false},"author":1,"featured_media":0,"comment_status":"open","ping_status":"open","sticky":false,"template":"","format":"standard","meta":[],"categories":[11],"tags":[],"_links":{"self":[{"href":"http:\/\/saint-andre-d-olerargues.com\/wpdossier\/wp-json\/wp\/v2\/posts\/3555"}],"collection":[{"href":"http:\/\/saint-andre-d-olerargues.com\/wpdossier\/wp-json\/wp\/v2\/posts"}],"about":[{"href":"http:\/\/saint-andre-d-olerargues.com\/wpdossier\/wp-json\/wp\/v2\/types\/post"}],"author":[{"embeddable":true,"href":"http:\/\/saint-andre-d-olerargues.com\/wpdossier\/wp-json\/wp\/v2\/users\/1"}],"replies":[{"embeddable":true,"href":"http:\/\/saint-andre-d-olerargues.com\/wpdossier\/wp-json\/wp\/v2\/comments?post=3555"}],"version-history":[{"count":1,"href":"http:\/\/saint-andre-d-olerargues.com\/wpdossier\/wp-json\/wp\/v2\/posts\/3555\/revisions"}],"predecessor-version":[{"id":3557,"href":"http:\/\/saint-andre-d-olerargues.com\/wpdossier\/wp-json\/wp\/v2\/posts\/3555\/revisions\/3557"}],"wp:attachment":[{"href":"http:\/\/saint-andre-d-olerargues.com\/wpdossier\/wp-json\/wp\/v2\/media?parent=3555"}],"wp:term":[{"taxonomy":"category","embeddable":true,"href":"http:\/\/saint-andre-d-olerargues.com\/wpdossier\/wp-json\/wp\/v2\/categories?post=3555"},{"taxonomy":"post_tag","embeddable":true,"href":"http:\/\/saint-andre-d-olerargues.com\/wpdossier\/wp-json\/wp\/v2\/tags?post=3555"}],"curies":[{"name":"wp","href":"https:\/\/api.w.org\/{rel}","templated":true}]}}