{"id":3882,"date":"2015-01-18T17:31:29","date_gmt":"2015-01-18T16:31:29","guid":{"rendered":"http:\/\/saint-andre-d-olerargues.com\/wpdossier\/?p=3882"},"modified":"2015-01-18T20:45:44","modified_gmt":"2015-01-18T19:45:44","slug":"la-reine-de-la-baltique-viveca-sten","status":"publish","type":"post","link":"http:\/\/saint-andre-d-olerargues.com\/wpdossier\/blog\/2015\/01\/18\/la-reine-de-la-baltique-viveca-sten\/","title":{"rendered":"<strong>La reine de la baltique &#8211; Viveca Sten<\/strong>"},"content":{"rendered":"<p><a href=\"http:\/\/saint-andre-d-olerargues.com\/wpdossier\/wp-content\/uploads\/2015\/01\/la-reine-de-la-baltique.jpg\"><img loading=\"lazy\" src=\"http:\/\/saint-andre-d-olerargues.com\/wpdossier\/wp-content\/uploads\/2015\/01\/la-reine-de-la-baltique.jpg\" alt=\"la reine de la baltique\" width=\"440\" height=\"696\" class=\"alignnone size-full wp-image-3883\" srcset=\"http:\/\/saint-andre-d-olerargues.com\/wpdossier\/wp-content\/uploads\/2015\/01\/la-reine-de-la-baltique.jpg 440w, http:\/\/saint-andre-d-olerargues.com\/wpdossier\/wp-content\/uploads\/2015\/01\/la-reine-de-la-baltique-190x300.jpg 190w\" sizes=\"(max-width: 440px) 100vw, 440px\" \/><\/a><\/p>\n<h2>Viveca Sten, est star dans son pays, o\u00f9 elle rivalise avec Camilla L\u00e4ckberg. <\/h2>\n<p>Certes, sa cadette (39 printemps, contre 54) qui a entam\u00e9 plus t\u00f4t sa fulgurante ascension. (La Princesse des glaces, 2003)<\/p>\n<blockquote><p>L\u2019histoire\n<\/p><\/blockquote>\n<p>Nous partons d\u00e9couvrir, la baie de Stockholm, nous allons visualiser l&rsquo;\u00eele de Sandhamn, celle de Har\u00f6 et bien s\u00fbr le phare de Gr\u00f6nsk\u00e4r. Cette localisation g\u00e9ographique est plut\u00f4t agr\u00e9able et donne des envies de visite, plut\u00f4t bonne impression !<br \/>\nUn petit matin de juillet, sur une plage de Sandhamn, un homme tombe sur un corps mutil\u00e9 entortill\u00e9 dans un filet de p\u00eache&#8230; Krister Berggren, cariste chez un grossiste en alcool, avait disparu depuis P\u00e2ques. Bient\u00f4t, sa cousine, croupier, est \u00e9galement trucid\u00e9e. Puis c&rsquo;est au tour d&rsquo;un insulaire, vaguement peintre. Le tout en pleine saison touristique! L&rsquo;inspecteur Andreasson, aid\u00e9 par sa camarade Nora, prend l&rsquo;affaire en main. Un \u00e9quipage chaleureux, un sc\u00e9nario bien ficel\u00e9, et surtout le portrait ing\u00e9nieux de ces \u00eeliens du Nord. <\/p>\n<blockquote><p>Ce que j\u2019en ai pens\u00e9<\/p><\/blockquote>\n<p>Le style est un peu simplet, pas trop de recherche, juste descriptif peut \u00eatre un peu maladroit mais efficace et jamais ennuyeux !<br \/>\nNous faisons connaissance de personnages qui nous semblent au d\u00e9but un peu caricaturaux, le policier malheureux, repli\u00e9 sur lui et son mal de vivre, l&rsquo;amie d&rsquo;enfance d\u00e9bord\u00e9e par une vie de famille un peu envahissante et qui se pose des questions sur son r\u00f4le dans la soci\u00e9t\u00e9 et se retrouve m\u00eal\u00e9e \u00e0 une enqu\u00eate polici\u00e8re, et puis la petite secr\u00e9taire qui se d\u00e9couvre un attrait pour le beau policier.<br \/>\nJe reprocherai \u00e0 Viveca Sten ce qui m\u2019a fait l\u00e2cher Camilla L\u00e4ckberg mais que certains lecteurs peuvent appr\u00e9cier, je veux parler des \u00e9tats d\u2019\u00e2me et de la vie priv\u00e9e des personnages, leurs gamins, leurs conjoints et autre belle famille. Des chapitres sur le sommeil des gosses ou leurs caprices, \u00e7a ralentit un peu l\u2019action et \u00e7a n\u2019apporte rien, \u00e0 mon go\u00fbt !<br \/>\nAlors bien s\u00fbr, racont\u00e9 comme \u00e7a, on doute tr\u00e8s fort, on se dit encore les m\u00eames recettes, peut-\u00eatre un peu \u00e9cul\u00e9es ! Oui c\u2019est s\u00fbr !<\/p>\n<p>Mais au final c\u2019est agr\u00e9able \u00e0 lire.<\/p>\n<p>Une s\u00e9rie est diffus\u00e9e sur ARTE jeudi 29 janvier \u00e0 21h35 (44 min) MEURTRES A SANDHAMN &#8211; SAISON 1 LA REINE DE LA BALTIQUE<\/p>\n","protected":false},"excerpt":{"rendered":"<p>Viveca Sten, est star dans son pays, o\u00f9 elle rivalise avec Camilla L\u00e4ckberg. Certes, sa cadette (39 printemps, contre 54) qui a entam\u00e9 plus t\u00f4t sa fulgurante ascension. (La Princesse des glaces, 2003) L\u2019histoire Nous partons d\u00e9couvrir, la baie de Stockholm, nous allons visualiser l&rsquo;\u00eele de Sandhamn, celle de Har\u00f6 et bien s\u00fbr le phare de Gr\u00f6nsk\u00e4r. Cette localisation g\u00e9ographique est plut\u00f4t agr\u00e9able et donne des envies de visite, plut\u00f4t bonne impression ! Un petit matin de juillet, sur une plage de Sandhamn, un homme tombe sur un corps mutil\u00e9 entortill\u00e9 dans un filet de p\u00eache&#8230; Krister Berggren, cariste chez un grossiste en alcool, avait disparu depuis P\u00e2ques. Bient\u00f4t, sa cousine, croupier, est \u00e9galement trucid\u00e9e. Puis c&rsquo;est au tour d&rsquo;un insulaire, vaguement peintre. Le tout en pleine saison touristique! L&rsquo;inspecteur Andreasson, aid\u00e9 par sa camarade Nora, prend l&rsquo;affaire en main. Un \u00e9quipage chaleureux, un sc\u00e9nario bien ficel\u00e9, et surtout le portrait ing\u00e9nieux de ces \u00eeliens du Nord. Ce que j\u2019en ai pens\u00e9 Le style est un peu simplet, pas trop de recherche, juste descriptif peut \u00eatre un peu maladroit mais efficace et jamais ennuyeux ! Nous faisons connaissance de personnages qui nous semblent au d\u00e9but un peu caricaturaux, le policier [&hellip;]<\/p>\n","protected":false},"author":1,"featured_media":0,"comment_status":"open","ping_status":"open","sticky":false,"template":"","format":"standard","meta":[],"categories":[11],"tags":[],"_links":{"self":[{"href":"http:\/\/saint-andre-d-olerargues.com\/wpdossier\/wp-json\/wp\/v2\/posts\/3882"}],"collection":[{"href":"http:\/\/saint-andre-d-olerargues.com\/wpdossier\/wp-json\/wp\/v2\/posts"}],"about":[{"href":"http:\/\/saint-andre-d-olerargues.com\/wpdossier\/wp-json\/wp\/v2\/types\/post"}],"author":[{"embeddable":true,"href":"http:\/\/saint-andre-d-olerargues.com\/wpdossier\/wp-json\/wp\/v2\/users\/1"}],"replies":[{"embeddable":true,"href":"http:\/\/saint-andre-d-olerargues.com\/wpdossier\/wp-json\/wp\/v2\/comments?post=3882"}],"version-history":[{"count":2,"href":"http:\/\/saint-andre-d-olerargues.com\/wpdossier\/wp-json\/wp\/v2\/posts\/3882\/revisions"}],"predecessor-version":[{"id":3885,"href":"http:\/\/saint-andre-d-olerargues.com\/wpdossier\/wp-json\/wp\/v2\/posts\/3882\/revisions\/3885"}],"wp:attachment":[{"href":"http:\/\/saint-andre-d-olerargues.com\/wpdossier\/wp-json\/wp\/v2\/media?parent=3882"}],"wp:term":[{"taxonomy":"category","embeddable":true,"href":"http:\/\/saint-andre-d-olerargues.com\/wpdossier\/wp-json\/wp\/v2\/categories?post=3882"},{"taxonomy":"post_tag","embeddable":true,"href":"http:\/\/saint-andre-d-olerargues.com\/wpdossier\/wp-json\/wp\/v2\/tags?post=3882"}],"curies":[{"name":"wp","href":"https:\/\/api.w.org\/{rel}","templated":true}]}}