{"id":434,"date":"2013-08-09T10:11:28","date_gmt":"2013-08-09T08:11:28","guid":{"rendered":"http:\/\/saint-andre-d-olerargues.com\/wpdossier\/?p=434"},"modified":"2013-09-02T14:37:16","modified_gmt":"2013-09-02T12:37:16","slug":"reflexion-sur-la-raison-et-lintuition","status":"publish","type":"post","link":"http:\/\/saint-andre-d-olerargues.com\/wpdossier\/blog\/2013\/08\/09\/reflexion-sur-la-raison-et-lintuition\/","title":{"rendered":"<strong>R\u00e9flexion sur la Raison et l&rsquo;Intuition<\/strong>"},"content":{"rendered":"<p> <a href=\"http:\/\/saint-andre-d-olerargues.com\/wpdossier\/wp-content\/uploads\/2013\/08\/Raison-et-intuition.jpg\"><img loading=\"lazy\" src=\"http:\/\/saint-andre-d-olerargues.com\/wpdossier\/wp-content\/uploads\/2013\/08\/Raison-et-intuition.jpg\" alt=\"Raison et intuition\" width=\"400\" height=\"253\" class=\"alignnone size-full wp-image-435\" srcset=\"http:\/\/saint-andre-d-olerargues.com\/wpdossier\/wp-content\/uploads\/2013\/08\/Raison-et-intuition.jpg 400w, http:\/\/saint-andre-d-olerargues.com\/wpdossier\/wp-content\/uploads\/2013\/08\/Raison-et-intuition-300x189.jpg 300w\" sizes=\"(max-width: 400px) 100vw, 400px\" \/><\/a><br \/>\n<strong>\u00ab\u00a0L\u2019intuition est un don sacr\u00e9 et la raison, une fid\u00e8le servante. Nous avons cr\u00e9e une soci\u00e9t\u00e9 qui honore la servante en oubliant le don.\u00a0\u00bb<\/strong> Albert Einstein<\/p>\n<blockquote><p><strong>La raison<\/strong> est un processus m\u00e9canique de la mati\u00e8re, c\u2019est le fonctionnement normal de \u00ab l\u2019ordinateur cerveau \u00bb bas\u00e9 sur l\u2019acquis stock\u00e9 dans la m\u00e9moire. C\u2019est le d\u00e9roulement de la pens\u00e9e. <\/p>\n<p><strong>L\u2019intuition<\/strong> c\u2019est un message re\u00e7u ou capt\u00e9 quand la pens\u00e9e est silencieuse. Ce qui est tr\u00e8s rare. C\u2019est un \u00e9clair de r\u00e9v\u00e9lation qu\u2019on n\u2019attendait pas. Il vient on ne sait d\u2019o\u00f9 peut-\u00eatre d\u2019une dimension immat\u00e9rielle qui est le si\u00e8ge de la m\u00e9moire de l\u2019univers et au-del\u00e0 de tout ce qui existe. Les croyants diront : la liaison avec le Divin, et tout le monde peut dire : la dimension transcendantale. <\/p>\n<p><strong> La raison<\/strong> a pour grande caract\u00e9ristique d\u2019\u00eatre toujours relative. C\u2019est tr\u00e8s important d\u2019en \u00eatre conscient. Tous les raisonnements de la pens\u00e9e se font par rapport \u00e0 certains postulats qu\u2019on accepte au d\u00e9part comme \u00e9tant la v\u00e9rit\u00e9. De telle sorte que tout ce qui est affirm\u00e9 par la Raison (et donc tout ce que l\u2019on exprime) ne peut \u00eatre que relatif par rapport \u00e0 un savoir donn\u00e9, incomplet, et momentan\u00e9.<\/p>\n<p><strong>L\u2019intuition<\/strong> nous connecte  \u00e0 la dimension transcendantale et nous permet d\u2019avoir une certaine sensation de cette dimension, mais non une perception compl\u00e8te. Aucun de nos organes des sens ne nous donne d\u2019information venant de cette dimension. Nous avons conscience de la totalit\u00e9 de l\u2019univers, nous le sentons mais nous n\u2019en percevons rien. L\u2019intuition c\u2019est une fen\u00eatre qui s\u2019ouvre quelquefois sur la Conscience de l\u2019Univers et au-del\u00e0s. <\/p>\n<p><strong>La raison<\/strong> ne peut nous offrir qu\u2019une infime repr\u00e9sentation de l\u2019univers, celle de nos sens. La raison c\u2019est le provisoire, le temporaire, ce qui meurt.<\/p>\n<p><strong>L\u2019intuition<\/strong> c\u2019est la Conscience, l\u2019Eternel, l\u2019Universel. Sans doute la vie.<\/p>\n<p><strong>La raison<\/strong> nous donne donc des images purement relatives de ce qui est, et qui d\u2019ailleurs, se modifieront avec le temps qui passe en fonction des modifications de l\u2019acquis humain individuel et collectif. C\u2019est l\u00e0 que l\u2019on touche du doigt que les fruits de la pens\u00e9e ne sont jamais absolus et ce, que \u00e7a concerne la science ou les croyances spirituelles. C\u2019est la grande fragilit\u00e9 des croyances humaines, au nom desquelles on tue si facilement, mais c\u2019est une autre histoire. <\/p>\n<p><strong>L\u2019intuition<\/strong> trouve sont ouverture dans le silence de la pens\u00e9e. La pens\u00e9e est toujours en \u00e9bullition, c\u2019est pourquoi l\u2019intuition se manifeste par \u00ab flashs \u00bb tr\u00e8s courts, les silences de la pens\u00e9e sont brefs et inattendus. On en revient toujours \u00e0 la base des spiritualit\u00e9s asiatiques : c\u2019est la pens\u00e9e qui est l\u2019\u00e9cran qui cache la Conscience du Tout.<\/p>\n<p><strong>La raison<\/strong> est aliment\u00e9e par toutes nos perceptions qui sont transmises par nos cinq sens, et toutes les informations n\u00e9cessaires \u00e0 notre vie quotidienne passent uniquement par nos organes biologiques, donc un ph\u00e9nom\u00e8ne intuitif ne peut survenir que par hasard. Pourtant ce genre d\u2019\u00e9v\u00e9nement se produit tellement souvent et chez tant de personnes, qu\u2019il est difficile de nier que parfois certaines informations surgissent brutalement du n\u00e9ant, sans passer par aucun de nos cinq sens, court-circuitant nos processus intellectuels. Mais de quel n\u00e9ant s\u2019agit-il ? <\/p>\n<p><strong>L\u2019intuition<\/strong> est le langage du c\u0153ur et non de la raison. C\u2019est le langage de la compassion, de l\u2019amour, de la musique, des arts en g\u00e9n\u00e9ral. Un \u00e9lan de compassion vrai n\u2019est pas raisonn\u00e9 mais intuitif. Une cr\u00e9ation artistique n\u2019est pas non plus le fruit d\u2019un raisonnement mais celui d\u2019une intuition, quant \u00e0 l\u2019amour, quoi de plus irraisonn\u00e9 !<\/p>\n<p><strong>La raison<\/strong> est un langage de communication avec les autres, construit sur des conventions, qui se traduisent toujours par des symboles auxquels nous avons convenu de donner une signification.<\/p>\n<p><strong>L\u2019intuition<\/strong> c\u2019est la communication avec l\u2019Univers sans transmettre aucun symbole. C\u2019est un langage myst\u00e9rieux qui n\u2019est que silence. Un langage qui ne porte aucun geste aucun son, un langage qui n\u2019est que silence m\u00eame pour nous-m\u00eames.<\/p>\n<p><strong>La raison<\/strong> fait du neuf, certes, mais avec de l\u2019ancien, en partant de ce qui existe d\u00e9j\u00e0. Elle s\u2019appuie sur des postulats pr\u00e9alables. Pour mettre quelque chose en place, la raison ne peut pas partir de rien, elle doit composer une p\u00e2te qui lui servira \u00e0 concr\u00e9tiser ses arguments \u00e0 venir et donner une existence aux fruits de la Raison. <\/p>\n<p><strong>L\u2019intuition<\/strong>, si elle n\u2019est pas silence complet, sera faite de symboles totalement neufs auxquels personne ne pourra attribuer une signification. Ca ne veut pas dire qu\u2019elle va demeurer sans signification : c\u2019est une \u0153uvre cr\u00e9\u00e9e. On peut dire, alors, que le Divin a apport\u00e9 quelque chose de neuf \u00e0 l\u2019univers entier, pour que la Conscience s\u2019\u00e9largisse et progresse. Quand l\u2019intuition na\u00eet, quand elle n\u2019a pas encore \u00e9t\u00e9 traduite, elle est silence.<\/p>\n<p><strong>La raison<\/strong> va s\u2019impr\u00e9gner de cette nouvelle intuition et va la relier \u00e0 tout ce dont elle a d\u00e9j\u00e0 accouch\u00e9. Cette nouvelle cr\u00e9ation va n\u2019avoir, pour finir, d\u2019autre objectif que d\u2019\u00e9largir notre Raison, d\u2019\u00e9lever notre Conscience. Ainsi, la Raison s\u2019\u00e9largit gr\u00e2ce aux apports de l\u2019Intuition. <\/p>\n<p><strong>L\u2019intuition<\/strong>, pour finir, peut se nommer : pr\u00e9monition, pressentiment, r\u00e9v\u00e9lation, coup de foudre \u2026 suivant les domaines concern\u00e9s mais elle est toujours juste et vrai. <\/p>\n<p><strong>La raison<\/strong>, par la pens\u00e9e (cette tra\u00eetresse) se d\u00e9guise en intuition quelques fois, ainsi face \u00e0 un probl\u00e8me donn\u00e9 et apr\u00e8s une r\u00e9flexion, on pense avoir l\u2019intuition de telle ou telle solution pour ce probl\u00e8me, en r\u00e9alit\u00e9 rien n\u2019est juste et on risque alors de se tromper gravement.\n<\/blockquote>\n<p><\/br><\/br><\/br><\/br><\/br><\/br><br \/>\n<strong>_______________________________________________________________________________________________<\/strong><\/p>\n","protected":false},"excerpt":{"rendered":"<p>\u00ab\u00a0L\u2019intuition est un don sacr\u00e9 et la raison, une fid\u00e8le servante. Nous avons cr\u00e9e une soci\u00e9t\u00e9 qui honore la servante en oubliant le don.\u00a0\u00bb Albert Einstein La raison est un processus m\u00e9canique de la mati\u00e8re, c\u2019est le fonctionnement normal de \u00ab l\u2019ordinateur cerveau \u00bb bas\u00e9 sur l\u2019acquis stock\u00e9 dans la m\u00e9moire. C\u2019est le d\u00e9roulement de la pens\u00e9e. L\u2019intuition c\u2019est un message re\u00e7u ou capt\u00e9 quand la pens\u00e9e est silencieuse. Ce qui est tr\u00e8s rare. C\u2019est un \u00e9clair de r\u00e9v\u00e9lation qu\u2019on n\u2019attendait pas. Il vient on ne sait d\u2019o\u00f9 peut-\u00eatre d\u2019une dimension immat\u00e9rielle qui est le si\u00e8ge de la m\u00e9moire de l\u2019univers et au-del\u00e0 de tout ce qui existe. Les croyants diront : la liaison avec le Divin, et tout le monde peut dire : la dimension transcendantale. La raison a pour grande caract\u00e9ristique d\u2019\u00eatre toujours relative. C\u2019est tr\u00e8s important d\u2019en \u00eatre conscient. Tous les raisonnements de la pens\u00e9e se font par rapport \u00e0 certains postulats qu\u2019on accepte au d\u00e9part comme \u00e9tant la v\u00e9rit\u00e9. De telle sorte que tout ce qui est affirm\u00e9 par la Raison (et donc tout ce que l\u2019on exprime) ne peut \u00eatre que relatif par rapport \u00e0 un savoir donn\u00e9, incomplet, et momentan\u00e9. L\u2019intuition nous connecte \u00e0 [&hellip;]<\/p>\n","protected":false},"author":1,"featured_media":0,"comment_status":"open","ping_status":"open","sticky":false,"template":"","format":"standard","meta":[],"categories":[5],"tags":[],"_links":{"self":[{"href":"http:\/\/saint-andre-d-olerargues.com\/wpdossier\/wp-json\/wp\/v2\/posts\/434"}],"collection":[{"href":"http:\/\/saint-andre-d-olerargues.com\/wpdossier\/wp-json\/wp\/v2\/posts"}],"about":[{"href":"http:\/\/saint-andre-d-olerargues.com\/wpdossier\/wp-json\/wp\/v2\/types\/post"}],"author":[{"embeddable":true,"href":"http:\/\/saint-andre-d-olerargues.com\/wpdossier\/wp-json\/wp\/v2\/users\/1"}],"replies":[{"embeddable":true,"href":"http:\/\/saint-andre-d-olerargues.com\/wpdossier\/wp-json\/wp\/v2\/comments?post=434"}],"version-history":[{"count":13,"href":"http:\/\/saint-andre-d-olerargues.com\/wpdossier\/wp-json\/wp\/v2\/posts\/434\/revisions"}],"predecessor-version":[{"id":606,"href":"http:\/\/saint-andre-d-olerargues.com\/wpdossier\/wp-json\/wp\/v2\/posts\/434\/revisions\/606"}],"wp:attachment":[{"href":"http:\/\/saint-andre-d-olerargues.com\/wpdossier\/wp-json\/wp\/v2\/media?parent=434"}],"wp:term":[{"taxonomy":"category","embeddable":true,"href":"http:\/\/saint-andre-d-olerargues.com\/wpdossier\/wp-json\/wp\/v2\/categories?post=434"},{"taxonomy":"post_tag","embeddable":true,"href":"http:\/\/saint-andre-d-olerargues.com\/wpdossier\/wp-json\/wp\/v2\/tags?post=434"}],"curies":[{"name":"wp","href":"https:\/\/api.w.org\/{rel}","templated":true}]}}