{"id":4535,"date":"2015-06-22T16:47:03","date_gmt":"2015-06-22T14:47:03","guid":{"rendered":"http:\/\/saint-andre-d-olerargues.com\/wpdossier\/?p=4535"},"modified":"2015-06-22T16:47:03","modified_gmt":"2015-06-22T14:47:03","slug":"des-eglises-en-mosquees","status":"publish","type":"post","link":"http:\/\/saint-andre-d-olerargues.com\/wpdossier\/blog\/2015\/06\/22\/des-eglises-en-mosquees\/","title":{"rendered":"Des \u00e9glises en mosqu\u00e9es \u2026 ?"},"content":{"rendered":"<p><a href=\"http:\/\/saint-andre-d-olerargues.com\/wpdossier\/wp-content\/uploads\/2015\/06\/Mosqu\u00e9e-1.jpg\"><img loading=\"lazy\" src=\"http:\/\/saint-andre-d-olerargues.com\/wpdossier\/wp-content\/uploads\/2015\/06\/Mosqu\u00e9e-1.jpg\" alt=\"Mosqu\u00e9e 1\" width=\"605\" height=\"263\" class=\"alignnone size-full wp-image-4536\" srcset=\"http:\/\/saint-andre-d-olerargues.com\/wpdossier\/wp-content\/uploads\/2015\/06\/Mosqu\u00e9e-1.jpg 605w, http:\/\/saint-andre-d-olerargues.com\/wpdossier\/wp-content\/uploads\/2015\/06\/Mosqu\u00e9e-1-300x130.jpg 300w\" sizes=\"(max-width: 605px) 100vw, 605px\" \/><\/a><\/p>\n<h2>Le pr\u00e9sident du CFCM, Dalil Boubakeur, a sugg\u00e9r\u00e9 la semaine derni\u00e8re sur Europe 1 que l&rsquo;on mette les \u00e9glises inoccup\u00e9es \u00e0 disposition des musulmans<\/h2>\n<p>Cette proposition utilitariste n&rsquo;a pas suscit\u00e9 de commentaire particulier de la part des responsables publics, alors qu&rsquo;elle suscite une vague de r\u00e9actions hostiles sur les r\u00e9seaux sociaux. On notera une nouvelle fois la s\u00e9paration entre les gens qui font les m\u00e9dias et ceux qui les consultent : journalistes et population ne s&rsquo;int\u00e9ressent d\u00e9cid\u00e9ment pas aux m\u00eames choses, et, serait-ce parfois le cas, n&rsquo;ont pas sur elles les m\u00eames opinions.<\/p>\n<h1>Cela a d\u00e9j\u00e0 \u00e9t\u00e9 fait, et cela c\u2019est mal termin\u00e9 ! <\/h1>\n<h2>Un peu d\u2019histoire, l\u2019histoire ne se r\u00e9p\u00e8te pas, elle b\u00e9gaie a-t-on fait dire \u00e0 Karl Marx<\/h2>\n<p>Il est une r\u00e9gion, au huiti\u00e8me si\u00e8cle, d\u2019abord conquise par les Wisigoths catholiques, la Septimanie fut ensuite occup\u00e9e par les Sarrasins, qui furent sollicit\u00e9s et encourag\u00e9s par les barons locaux pour les d\u00e9livrer de la rudesse de l&rsquo;administration carolingienne. <\/p>\n<p>Cette pr\u00e9sence nord-africaine avait \u00e9t\u00e9 tr\u00e8s favorablement accueillie par les populations, qui avaient pu b\u00e9n\u00e9ficier en peu de temps des avanc\u00e9es techniques musulmanes notamment en mati\u00e8re d\u2019irrigation (implantation de norias) et d&rsquo;architecture. <\/p>\n<p><a href=\"http:\/\/saint-andre-d-olerargues.com\/wpdossier\/wp-content\/uploads\/2015\/06\/Mosqu\u00e9e-2.jpg\"><img loading=\"lazy\" src=\"http:\/\/saint-andre-d-olerargues.com\/wpdossier\/wp-content\/uploads\/2015\/06\/Mosqu\u00e9e-2.jpg\" alt=\"Mosqu\u00e9e 2\" width=\"407\" height=\"291\" class=\"alignnone size-full wp-image-4537\" srcset=\"http:\/\/saint-andre-d-olerargues.com\/wpdossier\/wp-content\/uploads\/2015\/06\/Mosqu\u00e9e-2.jpg 407w, http:\/\/saint-andre-d-olerargues.com\/wpdossier\/wp-content\/uploads\/2015\/06\/Mosqu\u00e9e-2-300x214.jpg 300w\" sizes=\"(max-width: 407px) 100vw, 407px\" \/><\/a><br \/>\nAcademic dictionaries and encyclopedias. http:\/\/de.academic.ru\/<\/p>\n<h2>Mais &#8230; le printemps arabe n\u2019a pas dur\u00e9.<\/h2>\n<p>Les Sarrasins \u00e9taient revenus d\u2019Espagne, dont ils s\u2019\u00e9taient rendu les ma\u00eetres, et \u00e9taient sortis du Royaume de Fez. N\u00eemes d\u00e9fendit pendant quelque temps le passage de la rivi\u00e8re du Vidourle \u00e0 ces nouveaux conqu\u00e9rants Maures, mais ces derniers l\u2019ayant travers\u00e9e, ils s\u2019\u00e9tablirent \u00e0 Gallargues, \u00e0 trois lieues de N\u00eemes. L&rsquo;histoire nous apprend qu&rsquo;en 725, apr\u00e8s avoir occup\u00e9 Narbonne et pris Carcassonne, les Arabes soumirent la ville de N\u00eemes, chass\u00e8rent, les moines des abbayes de Psalmodi, de Saint-Gilles, de Saint-Baudile, et s&rsquo;avanc\u00e8rent jusqu&rsquo;\u00e0 Autun et conserv\u00e8rent leurs conqu\u00eates du Languedoc jusqu\u2019en l\u2019an 736, environ vingt ann\u00e9es. <\/p>\n<h2>Que devient, alors, le christianisme ?<\/h2>\n<p>Pendant ces temps-l\u00e0, l\u2019exercice de la religion cessa dans N\u00eemes et sa r\u00e9gion, les \u00e9glises furent d\u00e9truites ou chang\u00e9es en Mosqu\u00e9es, et la religion Chr\u00e9tienne interdite.<\/p>\n<p>En l&rsquo;an 724, les habitants de N\u00eemes, tous Chr\u00e9tiens, re\u00e7urent la Religion de Mahomet.<\/p>\n<p>C\u2019est la dispersion des moines et la mise en fuite du clerg\u00e9 d\u00e9pourvu d&rsquo;\u00e9v\u00eaques. Il n\u2019y a plus eu d\u2019\u00e9v\u00eaques \u00e0 Uzes et \u00e0 N\u00eemes pendant pratiquement 120 ans de 660 \u00e0 780 environ.<\/p>\n<h1>Et les malheurs continuent.<\/h1>\n<p>En 731, Charles Martel fit plusieurs d\u00e9g\u00e2ts \u00e0 N\u00eemes, menant la guerre contre le Comte de Bourgogne \u00e0 qui appartenaient Marseille, Arles, et toute la Provence, de m\u00eame que N\u00eemes, Montpellier, B\u00e9ziers, et le Roussillon, et ruina la ville de N\u00eemes. <\/p>\n<p>Trois ans apr\u00e8s, Charles Martel repris les armes de nouveau, retourna en Languedoc, et poursuivit jusqu\u2019\u00e0 Narbonne Antymus roi Sarrasin, qu\u2019il vainquit.<\/p>\n<p>Il soumit \u00e0 son ob\u00e9issance Arles, Avignon, N\u00eemes, Montpellier, Agde, et B\u00e9ziers, br\u00fblant et rasant toutes ces villes, ce qui causa la plus grande d\u00e9solation. Tout cela arriva apr\u00e8s que Charles Martel eut d\u00e9livr\u00e9 la Guyenne des Sarrasins, par la c\u00e9l\u00e8bre bataille de Poitiers. <\/p>\n<p>Il assi\u00e9gea les Sarrasins la m\u00eame ann\u00e9e dans N\u00eemes et en l\u2019an 736, il br\u00fbla la ville, et renversa toutes les maisons que le feu n\u2019avait pu consumer, les Temples, les Basiliques, les Tours, les Murs, les Aqueducs, les Ponts, etc\u2026 furent tous renvers\u00e9s de fond en comble. Il ne nous en reste que ceux que nous connaissons \u00e0 ce jour. <\/p>\n<h2>Alors le Mahom\u00e9tisme s\u2019acheva avec la destruction enti\u00e8re de la ville. <\/h2>\n<p>Seul l\u2019Amphith\u00e9\u00e2tre r\u00e9sista aux flammes, il ne fut br\u00fbl\u00e9 qu\u2019en partie, et les bas si\u00e8ges renvers\u00e9s. Il fut quelque temps apr\u00e8s le refuge des Visigoths, qui revinrent des Alpes et se log\u00e8rent dans les caves des Ar\u00e8nes, et r\u00e9tablissant le Christianisme en l\u2019an 743.<\/p>\n<h2>Mais les lib\u00e9rateurs peuvent \u00eatre pire que les occupants.<\/h2>\n<p>Est-ce la raison pour laquelle les populations de ces contr\u00e9es votent massivement et majoritairement pour les partis extr\u00e9mistes ? Je ne sais, mais les g\u00e8nes ancestraux doivent y \u00eatre pour quelque chose.<\/p>\n<p>Mais attention, par exemple, \u00e0 propos du lib\u00e9rateur Charles Martel que certains partis politiques encensent.<\/p>\n<p>La l\u00e9gende qui colle au nom de Martel doit \u00eatre revue et corrig\u00e9e sur un autre point : jamais les Francs n\u2019ont eu de consid\u00e9ration pour les habitants du sud de la Gaule. L\u2019homme \u00ab\u00a0gallo-romain\u00a0\u00bb, et particuli\u00e8rement le citoyen de Toulouse, trop raffin\u00e9 aux yeux du Franc fruste et inculte, \u00e9tait trait\u00e9 d\u2019homunculus (petit homme) .<\/p>\n<p>Furieux d\u2019avoir \u00e9chou\u00e9 par deux fois \u00e0 Narbonne, Martel va se venger sur les populations locales (chr\u00e9tiennes) \u00e0 qui il reproche de ne pas l\u2019avoir accueilli en sauveur. Sur le chemin du retour (vers ses terres du Nord), il se venge sur Agde, B\u00e9ziers, Maguelone, N\u00eemes (dont il br\u00fble les ar\u00e8nes !) <\/p>\n<p>Plusieurs chroniques l\u2019attestent (Continuation de Fr\u00e9d\u00e9gaire, Isidore de Beja, Chronique de Moissac, El Maqqari) : <\/p>\n<blockquote><p>Les cit\u00e9s susceptibles d\u2019\u00eatre ou de devenir des repaires pour les musulmans sont ravag\u00e9es. Maguelone est ras\u00e9e, Montpellier n\u2019est pas \u00e9pargn\u00e9e, et encore moins N\u00eemes :<\/p>\n<p>\u00ab\u00a0Pour punir la ville qui a fait appel aux Arabes, Charles d\u00e9molit les portes, abat les murailles et tente d\u2019incendier les Ar\u00e8nes sous pr\u00e9texte qu\u2019elles sont am\u00e9nag\u00e9es en ouvrage d\u00e9fensif. Sur son ordre, ses guerriers entassent toute une for\u00eat dans l\u2019Amphith\u00e9\u00e2tre et y mettent le feu\u00a0\u00bb .\n<\/p><\/blockquote>\n<p><a href=\"http:\/\/saint-andre-d-olerargues.com\/wpdossier\/wp-content\/uploads\/2015\/06\/Mosqu\u00e9e-3.jpg\"><img loading=\"lazy\" src=\"http:\/\/saint-andre-d-olerargues.com\/wpdossier\/wp-content\/uploads\/2015\/06\/Mosqu\u00e9e-3.jpg\" alt=\"Mosqu\u00e9e 3\" width=\"567\" height=\"346\" class=\"alignnone size-full wp-image-4538\" srcset=\"http:\/\/saint-andre-d-olerargues.com\/wpdossier\/wp-content\/uploads\/2015\/06\/Mosqu\u00e9e-3.jpg 567w, http:\/\/saint-andre-d-olerargues.com\/wpdossier\/wp-content\/uploads\/2015\/06\/Mosqu\u00e9e-3-300x183.jpg 300w\" sizes=\"(max-width: 567px) 100vw, 567px\" \/><\/a><\/p>\n","protected":false},"excerpt":{"rendered":"<p>Le pr\u00e9sident du CFCM, Dalil Boubakeur, a sugg\u00e9r\u00e9 la semaine derni\u00e8re sur Europe 1 que l&rsquo;on mette les \u00e9glises inoccup\u00e9es \u00e0 disposition des musulmans Cette proposition utilitariste n&rsquo;a pas suscit\u00e9 de commentaire particulier de la part des responsables publics, alors qu&rsquo;elle suscite une vague de r\u00e9actions hostiles sur les r\u00e9seaux sociaux. On notera une nouvelle fois la s\u00e9paration entre les gens qui font les m\u00e9dias et ceux qui les consultent : journalistes et population ne s&rsquo;int\u00e9ressent d\u00e9cid\u00e9ment pas aux m\u00eames choses, et, serait-ce parfois le cas, n&rsquo;ont pas sur elles les m\u00eames opinions. Cela a d\u00e9j\u00e0 \u00e9t\u00e9 fait, et cela c\u2019est mal termin\u00e9 ! Un peu d\u2019histoire, l\u2019histoire ne se r\u00e9p\u00e8te pas, elle b\u00e9gaie a-t-on fait dire \u00e0 Karl Marx Il est une r\u00e9gion, au huiti\u00e8me si\u00e8cle, d\u2019abord conquise par les Wisigoths catholiques, la Septimanie fut ensuite occup\u00e9e par les Sarrasins, qui furent sollicit\u00e9s et encourag\u00e9s par les barons locaux pour les d\u00e9livrer de la rudesse de l&rsquo;administration carolingienne. Cette pr\u00e9sence nord-africaine avait \u00e9t\u00e9 tr\u00e8s favorablement accueillie par les populations, qui avaient pu b\u00e9n\u00e9ficier en peu de temps des avanc\u00e9es techniques musulmanes notamment en mati\u00e8re d\u2019irrigation (implantation de norias) et d&rsquo;architecture. Academic dictionaries and encyclopedias. http:\/\/de.academic.ru\/ Mais &#8230; le printemps [&hellip;]<\/p>\n","protected":false},"author":1,"featured_media":0,"comment_status":"open","ping_status":"open","sticky":false,"template":"","format":"standard","meta":[],"categories":[5],"tags":[],"_links":{"self":[{"href":"http:\/\/saint-andre-d-olerargues.com\/wpdossier\/wp-json\/wp\/v2\/posts\/4535"}],"collection":[{"href":"http:\/\/saint-andre-d-olerargues.com\/wpdossier\/wp-json\/wp\/v2\/posts"}],"about":[{"href":"http:\/\/saint-andre-d-olerargues.com\/wpdossier\/wp-json\/wp\/v2\/types\/post"}],"author":[{"embeddable":true,"href":"http:\/\/saint-andre-d-olerargues.com\/wpdossier\/wp-json\/wp\/v2\/users\/1"}],"replies":[{"embeddable":true,"href":"http:\/\/saint-andre-d-olerargues.com\/wpdossier\/wp-json\/wp\/v2\/comments?post=4535"}],"version-history":[{"count":4,"href":"http:\/\/saint-andre-d-olerargues.com\/wpdossier\/wp-json\/wp\/v2\/posts\/4535\/revisions"}],"predecessor-version":[{"id":4542,"href":"http:\/\/saint-andre-d-olerargues.com\/wpdossier\/wp-json\/wp\/v2\/posts\/4535\/revisions\/4542"}],"wp:attachment":[{"href":"http:\/\/saint-andre-d-olerargues.com\/wpdossier\/wp-json\/wp\/v2\/media?parent=4535"}],"wp:term":[{"taxonomy":"category","embeddable":true,"href":"http:\/\/saint-andre-d-olerargues.com\/wpdossier\/wp-json\/wp\/v2\/categories?post=4535"},{"taxonomy":"post_tag","embeddable":true,"href":"http:\/\/saint-andre-d-olerargues.com\/wpdossier\/wp-json\/wp\/v2\/tags?post=4535"}],"curies":[{"name":"wp","href":"https:\/\/api.w.org\/{rel}","templated":true}]}}