{"id":4581,"date":"2015-07-01T10:27:56","date_gmt":"2015-07-01T08:27:56","guid":{"rendered":"http:\/\/saint-andre-d-olerargues.com\/wpdossier\/?p=4581"},"modified":"2015-07-02T15:37:03","modified_gmt":"2015-07-02T13:37:03","slug":"nicolas-sarkozy-qui-a-balaye-dun-revers-de-main-la-decision-souveraine-du-peuple-francais-de-dire-non-a-la-constitution-europeenne-en-2005-recidive","status":"publish","type":"post","link":"http:\/\/saint-andre-d-olerargues.com\/wpdossier\/blog\/2015\/07\/01\/nicolas-sarkozy-qui-a-balaye-dun-revers-de-main-la-decision-souveraine-du-peuple-francais-de-dire-non-a-la-constitution-europeenne-en-2005-recidive\/","title":{"rendered":"Nicolas Sarkozy qui a balay\u00e9 d\u2019un revers de main la d\u00e9cision souveraine du peuple fran\u00e7ais de dire non \u00e0 la constitution europ\u00e9enne en 2005, r\u00e9cidive."},"content":{"rendered":"<p><a href=\"http:\/\/saint-andre-d-olerargues.com\/wpdossier\/wp-content\/uploads\/2015\/07\/N.-Sarkozy.jpg\"><img loading=\"lazy\" src=\"http:\/\/saint-andre-d-olerargues.com\/wpdossier\/wp-content\/uploads\/2015\/07\/N.-Sarkozy.jpg\" alt=\"N. Sarkozy\" width=\"605\" height=\"264\" class=\"alignnone size-full wp-image-4582\" srcset=\"http:\/\/saint-andre-d-olerargues.com\/wpdossier\/wp-content\/uploads\/2015\/07\/N.-Sarkozy.jpg 605w, http:\/\/saint-andre-d-olerargues.com\/wpdossier\/wp-content\/uploads\/2015\/07\/N.-Sarkozy-300x131.jpg 300w\" sizes=\"(max-width: 605px) 100vw, 605px\" \/><\/a><br \/>\nGnan ! Gnan ! Gnan ! Gnan !<\/p>\n<h1>Pour lui, consulter le peuple grec est une \u00ab\u00a0irresponsabilit\u00e9\u00a0\u00bb du Premier ministre, Alexis Tsipras. <\/h1>\n<p>\u00ab\u00a0Quel cynisme, quelle d\u00e9magogie, quelle irresponsabilit\u00e9\u00a0\u00bb, a ass\u00e9n\u00e9 Nicolas Sarkozy lors d&rsquo;un d\u00e9placement \u00e0 Madrid. \u00ab\u00a0Que l&rsquo;Europe, l&rsquo;euro donne le sentiment de c\u00e9der et c&rsquo;est la cr\u00e9dibilit\u00e9 de tout le syst\u00e8me europ\u00e9en qui sera emport\u00e9e\u00a0\u00bb.<\/p>\n<p>\u00ab\u00a0Par l&rsquo;irresponsabilit\u00e9 de son Premier ministre, la Gr\u00e8ce s&rsquo;est suspendue elle-m\u00eame de la zone euro\u00a0\u00bb, rench\u00e9rit Nicolas Sarkozy. Pour le patron du nouveau parti Les R\u00e9publicains, \u00ab\u00a0la question n&rsquo;est plus de savoir comment sauver la Gr\u00e8ce mais comment sauver la zone euro\u00a0\u00bb.  <\/p>\n<p>Apr\u00e8s l&rsquo;annonce d&rsquo;un r\u00e9f\u00e9rendum en Gr\u00e8ce et la rupture des n\u00e9gociations entre Ath\u00e8nes et ses cr\u00e9anciers, l&rsquo;ancien pr\u00e9sident fran\u00e7ais s&rsquo;en est pris au gouvernement grec. Il a appel\u00e9 lundi \u00e0 ne pas c\u00e9der face au gouvernement grec.<\/p>\n<p>Des propos qui se d\u00e9marquent nettement de ceux de Fran\u00e7ois Hollande, pour qui le r\u00e9f\u00e9rendum est \u00ab\u00a0le choix souverain des Grecs\u00a0\u00bb.<\/p>\n<h2>Depuis quand demande-t-on son avis au peuple ???? !!!!<\/h2>\n<p>Et oui, Messieurs-Dames il paraitrait qu\u2019en Gr\u00e8ce \u00e7a se fait, ils appellent \u00e7a \u00abLa D\u00e9mocratie\u00bb c\u2019est parait-il une vieille coutume ancestrale et primitive qui heureusement n\u2019a plus cours dans nos soci\u00e9t\u00e9s \u00e9volu\u00e9es ! Et Nicolas Sarkozy y veille pour ses amis de la finance, pensez-y en 2017 !<\/p>\n<h1>Petit rappel \u2026<\/h1>\n<p>Le \u00abnon\u00bb au r\u00e9f\u00e9rendum de 2005 sur la ratification de la Constitution europ\u00e9enne avait \u00e9t\u00e9 un cataclysme dans la vie politique fran\u00e7aise. Nicolas nous avait alors fait l\u2019entourloupe du trait\u00e9 de Lisbonne. \u00ab Vous n\u2019en vouliez pas ? Vous l\u2019aurez quand m\u00eame ! \u00bb<\/p>\n<p>Si Fran\u00e7ois Hollande posait aujourd&rsquo;hui la m\u00eame question, ce serait pire encore. Une b\u00e9r\u00e9zina. 62 % des Fran\u00e7ais, qui \u00e9taient en \u00e2ge de voter en 2005, diraient \u00abnon\u00bb, soit sept points de plus qu&rsquo;il y a dix ans. Et seulement 38 % voterait \u00aboui\u00bb, soit sept points de moins. Tel est le principal enseignement du r\u00e9cent sondage Ifop pour Le Figaro.<\/p>\n<h2> A lire<\/h2>\n<p><a href=\"http:\/\/www.les-crises.fr\/leuro-ou-la-haine-de-la-democratie-par-frederic-lordon\/\">L\u2019euro, ou la haine de la d\u00e9mocratie, par Fr\u00e9d\u00e9ric Lordon <\/a><\/p>\n<h1>Valls invite Sarkozy \u00e0 la retenue et au sang-froid<\/h1>\n<p>Le 02-07-15<\/p>\n<p>Ces d\u00e9clarations ne sont pas du tout du go\u00fbt de Manuel Valls. Le premier ministre a profit\u00e9 des Questions au gouvernement pour r\u00e9pondre \u00e0 l&rsquo;ancien Pr\u00e9sident. \u00ab\u00a0J&rsquo;invite chacun \u00e0 faire preuve de retenue, de responsabilit\u00e9 et de sang-froid\u00a0\u00bb, a r\u00e9agi le chef du gouvernement. \u00ab\u00a0De telles d\u00e9clarations sont contre-productives et ne sont pas responsables au regard de l&rsquo;urgence dans laquelle nous nous trouvons\u00a0\u00bb, a-t-il ajout\u00e9. <\/p>\n<p>\u00ab\u00a0La France se bat, elle n&rsquo;est pas dans le veto, je veux m&rsquo;inscrire en faux contre ceux, notamment un ancien pr\u00e9sident de la R\u00e9publique, qui d\u00e9clare que la Gr\u00e8ce de fait est sortie de la zone euro\u00a0\u00bb, a poursuivi Manuel Valls. Selon lui, \u00ab\u00a0ces pol\u00e9miques, ces analyses trop rapides nuisent au d\u00e9bat\u00a0\u00bb. \u00ab\u00a0Je veux saluer les d\u00e9clarations responsables de trois anciens Premiers ministres, Alain Jupp\u00e9, Jean-Pierre Raffarin et Fran\u00e7ois Fillon, qui savent que dans ces moments-l\u00e0 se joue aussi le destin de l&rsquo;Europe.\u00a0\u00bb<\/p>\n","protected":false},"excerpt":{"rendered":"<p>Gnan ! Gnan ! Gnan ! Gnan ! Pour lui, consulter le peuple grec est une \u00ab\u00a0irresponsabilit\u00e9\u00a0\u00bb du Premier ministre, Alexis Tsipras. \u00ab\u00a0Quel cynisme, quelle d\u00e9magogie, quelle irresponsabilit\u00e9\u00a0\u00bb, a ass\u00e9n\u00e9 Nicolas Sarkozy lors d&rsquo;un d\u00e9placement \u00e0 Madrid. \u00ab\u00a0Que l&rsquo;Europe, l&rsquo;euro donne le sentiment de c\u00e9der et c&rsquo;est la cr\u00e9dibilit\u00e9 de tout le syst\u00e8me europ\u00e9en qui sera emport\u00e9e\u00a0\u00bb. \u00ab\u00a0Par l&rsquo;irresponsabilit\u00e9 de son Premier ministre, la Gr\u00e8ce s&rsquo;est suspendue elle-m\u00eame de la zone euro\u00a0\u00bb, rench\u00e9rit Nicolas Sarkozy. Pour le patron du nouveau parti Les R\u00e9publicains, \u00ab\u00a0la question n&rsquo;est plus de savoir comment sauver la Gr\u00e8ce mais comment sauver la zone euro\u00a0\u00bb. Apr\u00e8s l&rsquo;annonce d&rsquo;un r\u00e9f\u00e9rendum en Gr\u00e8ce et la rupture des n\u00e9gociations entre Ath\u00e8nes et ses cr\u00e9anciers, l&rsquo;ancien pr\u00e9sident fran\u00e7ais s&rsquo;en est pris au gouvernement grec. Il a appel\u00e9 lundi \u00e0 ne pas c\u00e9der face au gouvernement grec. Des propos qui se d\u00e9marquent nettement de ceux de Fran\u00e7ois Hollande, pour qui le r\u00e9f\u00e9rendum est \u00ab\u00a0le choix souverain des Grecs\u00a0\u00bb. Depuis quand demande-t-on son avis au peuple ???? !!!! Et oui, Messieurs-Dames il paraitrait qu\u2019en Gr\u00e8ce \u00e7a se fait, ils appellent \u00e7a \u00abLa D\u00e9mocratie\u00bb c\u2019est parait-il une vieille coutume ancestrale et primitive qui heureusement n\u2019a plus cours dans nos soci\u00e9t\u00e9s \u00e9volu\u00e9es ! Et [&hellip;]<\/p>\n","protected":false},"author":1,"featured_media":0,"comment_status":"open","ping_status":"open","sticky":false,"template":"","format":"standard","meta":[],"categories":[21],"tags":[],"_links":{"self":[{"href":"http:\/\/saint-andre-d-olerargues.com\/wpdossier\/wp-json\/wp\/v2\/posts\/4581"}],"collection":[{"href":"http:\/\/saint-andre-d-olerargues.com\/wpdossier\/wp-json\/wp\/v2\/posts"}],"about":[{"href":"http:\/\/saint-andre-d-olerargues.com\/wpdossier\/wp-json\/wp\/v2\/types\/post"}],"author":[{"embeddable":true,"href":"http:\/\/saint-andre-d-olerargues.com\/wpdossier\/wp-json\/wp\/v2\/users\/1"}],"replies":[{"embeddable":true,"href":"http:\/\/saint-andre-d-olerargues.com\/wpdossier\/wp-json\/wp\/v2\/comments?post=4581"}],"version-history":[{"count":7,"href":"http:\/\/saint-andre-d-olerargues.com\/wpdossier\/wp-json\/wp\/v2\/posts\/4581\/revisions"}],"predecessor-version":[{"id":4589,"href":"http:\/\/saint-andre-d-olerargues.com\/wpdossier\/wp-json\/wp\/v2\/posts\/4581\/revisions\/4589"}],"wp:attachment":[{"href":"http:\/\/saint-andre-d-olerargues.com\/wpdossier\/wp-json\/wp\/v2\/media?parent=4581"}],"wp:term":[{"taxonomy":"category","embeddable":true,"href":"http:\/\/saint-andre-d-olerargues.com\/wpdossier\/wp-json\/wp\/v2\/categories?post=4581"},{"taxonomy":"post_tag","embeddable":true,"href":"http:\/\/saint-andre-d-olerargues.com\/wpdossier\/wp-json\/wp\/v2\/tags?post=4581"}],"curies":[{"name":"wp","href":"https:\/\/api.w.org\/{rel}","templated":true}]}}