{"id":4724,"date":"2015-08-11T15:35:05","date_gmt":"2015-08-11T13:35:05","guid":{"rendered":"http:\/\/saint-andre-d-olerargues.com\/wpdossier\/?p=4724"},"modified":"2015-08-12T10:02:13","modified_gmt":"2015-08-12T08:02:13","slug":"un-nouveau-trouble-mental-de-lenfant-la-selectivite-alimentaire-inscrit-au-dsm-5","status":"publish","type":"post","link":"http:\/\/saint-andre-d-olerargues.com\/wpdossier\/blog\/2015\/08\/11\/un-nouveau-trouble-mental-de-lenfant-la-selectivite-alimentaire-inscrit-au-dsm-5\/","title":{"rendered":"Un nouveau trouble mental de l&rsquo;enfant : \u00ab\u00a0la s\u00e9lectivit\u00e9 alimentaire\u00a0\u00bb inscrit au DSM-5"},"content":{"rendered":"<p><a href=\"http:\/\/saint-andre-d-olerargues.com\/wpdossier\/wp-content\/uploads\/2015\/08\/Jai-pas-faim.jpg\"><img loading=\"lazy\" src=\"http:\/\/saint-andre-d-olerargues.com\/wpdossier\/wp-content\/uploads\/2015\/08\/Jai-pas-faim.jpg\" alt=\"J&#039;ai pas faim\" width=\"400\" height=\"288\" class=\"alignnone size-full wp-image-4725\" srcset=\"http:\/\/saint-andre-d-olerargues.com\/wpdossier\/wp-content\/uploads\/2015\/08\/Jai-pas-faim.jpg 400w, http:\/\/saint-andre-d-olerargues.com\/wpdossier\/wp-content\/uploads\/2015\/08\/Jai-pas-faim-300x216.jpg 300w\" sizes=\"(max-width: 400px) 100vw, 400px\" \/><\/a><br \/>\nSource : http:\/\/www.lanutrition.fr\/<\/p>\n<h1>D\u2019apr\u00e8s le DSM \u2013 5 (Manuel Diagnostic et Statistique des Troubles mentaux &#8211; 5\u00b0 \u00e9dition)Votre enfant a des troubles mentaux !!!<\/h1>\n<h2>Quel parent n\u2019a pas eu \u00e0 subir les caprices alimentaires de son enfant ? <\/h2>\n<p>Mais pour des m\u00e9decins am\u00e9ricains ce comportement a priori normal et passager pourrait entra\u00eener des complications pour la sant\u00e9 de certains enfants, m\u00eame lorsqu\u2019il est mod\u00e9r\u00e9 ! <\/p>\n<p>A quand les m\u00e9dicaments ?<\/p>\n<p>Si tous les enfants se montrent plus ou moins difficiles \u00e0 table, ce comportement, m\u00eame mod\u00e9r\u00e9, pourrait s\u2019av\u00e9rer dangereux pour leur sant\u00e9. C\u2019est la conclusion tr\u00e8s s\u00e9rieuse d\u2019une \u00e9tude am\u00e9ricaine qui s\u2019est pench\u00e9 sur \u00abla s\u00e9lectivit\u00e9 alimentaire\u00bb de 917 enfants entre 2 et 6 ans. <\/p>\n<h2>Parce qu\u2019il leur a suffit de regarder 917 enfants am\u00e9ricains pour conna\u00eetre le comportement  des quelques 2.5 milliards d\u2019enfants de la plan\u00e8te. ?\n<p>C&rsquo;est bien d&rsquo;\u00eatre le centre du monde !<\/p><\/h2>\n<p>Au cours de cette \u00e9tude, les enfants ont \u00e9t\u00e9 soumis \u00e0 des entretiens diagnostics r\u00e9v\u00e9lant leurs comportements alimentaires, sociaux et psychologiques. Deux degr\u00e9s pathologiques de s\u00e9lectivit\u00e9 alimentaire se sont distingu\u00e9s : les formes \u00abs\u00e9v\u00e8re\u00bb et \u00abmod\u00e9r\u00e9e\u00bb, respectivement 3% et 18% des enfants interrog\u00e9s.<\/p>\n<p>Parmi-eux, tous pr\u00e9sentent des sympt\u00f4mes psychiatriques d\u00e9clar\u00e9s ou potentiels (anxi\u00e9t\u00e9, d\u00e9pression, hyperactivit\u00e9, d\u00e9ficit d\u2019attention\u2026). <\/p>\n<p>En revanche la forme s\u00e9v\u00e8re de la s\u00e9lectivit\u00e9 alimentaire est li\u00e9e \u00e0 des sympt\u00f4mes plus graves. \u00ab Les repas de certains enfants sont devenus si limit\u00e9s ou s\u00e9lectifs qu\u2019ils commencent \u00e0 causer des probl\u00e8mes \u00bb s\u2019alarme un des auteurs de l\u2019\u00e9tude, Nancy Zucker du Duke Center for Eating Disorder.<br \/>\nCes d\u00e9couvertes, pensent les auteurs de l&rsquo;\u00e9tude, vont permettre aux soignants de savoir \u00e0 quel moment un trouble de l\u2019alimentation doit \u00eatre pris en charge. Les auteurs de l\u2019\u00e9tude sugg\u00e8rent une intervention d\u00e8s le stade \u00ab mod\u00e9r\u00e9 \u00bb.<\/p>\n<p>L\u2019objectif \u00e9tant de pouvoir diagnostiquer ce comportement en tant que \u00abtrouble de la Prise Alimentaire Evitant\/Restrictif\u00bb (Avoidant\/Restrictive Food Intake Disorder ou ARFID), inclus dans la derni\u00e8re version du Manuel Diagnostic et Statistique des Trouble mentaux (DSM-5). <\/p>\n<p>Si quelques th\u00e9rapies sont propos\u00e9es, elles ne suffisent souvent pas \u00e0 contrecarrer l\u2019hypersensibilit\u00e9 des enfants difficiles. Chez ces derniers, en effet, la moindre odeur d\u2019un aliment leur est d\u00e9j\u00e0 insupportable. Ainsi pour Zucker il y a n\u00e9cessit\u00e9 de trouver de nouveaux moyens d\u2019intervention adapt\u00e9s \u00e0 la tranche d\u2019\u00e2ge des enfants :<\/p>\n<p><em>\u00ab Il est \u00e9vident que les enfants ne maintiendront pas tous une s\u00e9lectivit\u00e9 alimentaire chronique \u00e0 l\u2019\u00e2ge adulte [\u2026] Mais parce que ces enfants voient leur sant\u00e9 et leur bien-\u00eatre atteints, nous devons commencer \u00e0 d\u00e9velopper des moyens pour aider les parents ; il faut aussi que les docteurs sachent quand et comment intervenir \u00bb.<br \/>\n<\/em><br \/>\nCependant la cr\u00e9ation de ce nouveau trouble mental illustre aussi une certaine propension de la m\u00e9decine psychiatrique am\u00e9ricaine \u00e0 vouloir diagnostiquer et peut-\u00eatre m\u00e9dicaliser ensuite des comportements qui sont constitutifs de la nature humaine et sont souvent passagers. <\/p>\n<h2>Et les m\u00e9dicaments sont pour quand??\n<p>Au fait, et pour ceux qui meurent de faim,<br \/>\nque propose le DSM\u20135 ?<\/p>\n<p>Et si on leur donnait l\u2019argent de ces \u00e9tudes \u00e0 la c &#8230; <\/p>\n<h2\/>\n","protected":false},"excerpt":{"rendered":"<p>Source : http:\/\/www.lanutrition.fr\/ D\u2019apr\u00e8s le DSM \u2013 5 (Manuel Diagnostic et Statistique des Troubles mentaux &#8211; 5\u00b0 \u00e9dition)Votre enfant a des troubles mentaux !!! Quel parent n\u2019a pas eu \u00e0 subir les caprices alimentaires de son enfant ? Mais pour des m\u00e9decins am\u00e9ricains ce comportement a priori normal et passager pourrait entra\u00eener des complications pour la sant\u00e9 de certains enfants, m\u00eame lorsqu\u2019il est mod\u00e9r\u00e9 ! A quand les m\u00e9dicaments ? Si tous les enfants se montrent plus ou moins difficiles \u00e0 table, ce comportement, m\u00eame mod\u00e9r\u00e9, pourrait s\u2019av\u00e9rer dangereux pour leur sant\u00e9. C\u2019est la conclusion tr\u00e8s s\u00e9rieuse d\u2019une \u00e9tude am\u00e9ricaine qui s\u2019est pench\u00e9 sur \u00abla s\u00e9lectivit\u00e9 alimentaire\u00bb de 917 enfants entre 2 et 6 ans. Parce qu\u2019il leur a suffit de regarder 917 enfants am\u00e9ricains pour conna\u00eetre le comportement des quelques 2.5 milliards d\u2019enfants de la plan\u00e8te. ? C&rsquo;est bien d&rsquo;\u00eatre le centre du monde ! Au cours de cette \u00e9tude, les enfants ont \u00e9t\u00e9 soumis \u00e0 des entretiens diagnostics r\u00e9v\u00e9lant leurs comportements alimentaires, sociaux et psychologiques. Deux degr\u00e9s pathologiques de s\u00e9lectivit\u00e9 alimentaire se sont distingu\u00e9s : les formes \u00abs\u00e9v\u00e8re\u00bb et \u00abmod\u00e9r\u00e9e\u00bb, respectivement 3% et 18% des enfants interrog\u00e9s. Parmi-eux, tous pr\u00e9sentent des sympt\u00f4mes psychiatriques d\u00e9clar\u00e9s ou potentiels (anxi\u00e9t\u00e9, d\u00e9pression, [&hellip;]<\/p>\n","protected":false},"author":1,"featured_media":0,"comment_status":"open","ping_status":"open","sticky":false,"template":"","format":"standard","meta":[],"categories":[21],"tags":[],"_links":{"self":[{"href":"http:\/\/saint-andre-d-olerargues.com\/wpdossier\/wp-json\/wp\/v2\/posts\/4724"}],"collection":[{"href":"http:\/\/saint-andre-d-olerargues.com\/wpdossier\/wp-json\/wp\/v2\/posts"}],"about":[{"href":"http:\/\/saint-andre-d-olerargues.com\/wpdossier\/wp-json\/wp\/v2\/types\/post"}],"author":[{"embeddable":true,"href":"http:\/\/saint-andre-d-olerargues.com\/wpdossier\/wp-json\/wp\/v2\/users\/1"}],"replies":[{"embeddable":true,"href":"http:\/\/saint-andre-d-olerargues.com\/wpdossier\/wp-json\/wp\/v2\/comments?post=4724"}],"version-history":[{"count":5,"href":"http:\/\/saint-andre-d-olerargues.com\/wpdossier\/wp-json\/wp\/v2\/posts\/4724\/revisions"}],"predecessor-version":[{"id":4730,"href":"http:\/\/saint-andre-d-olerargues.com\/wpdossier\/wp-json\/wp\/v2\/posts\/4724\/revisions\/4730"}],"wp:attachment":[{"href":"http:\/\/saint-andre-d-olerargues.com\/wpdossier\/wp-json\/wp\/v2\/media?parent=4724"}],"wp:term":[{"taxonomy":"category","embeddable":true,"href":"http:\/\/saint-andre-d-olerargues.com\/wpdossier\/wp-json\/wp\/v2\/categories?post=4724"},{"taxonomy":"post_tag","embeddable":true,"href":"http:\/\/saint-andre-d-olerargues.com\/wpdossier\/wp-json\/wp\/v2\/tags?post=4724"}],"curies":[{"name":"wp","href":"https:\/\/api.w.org\/{rel}","templated":true}]}}