{"id":5495,"date":"2016-04-05T16:35:06","date_gmt":"2016-04-05T14:35:06","guid":{"rendered":"http:\/\/saint-andre-d-olerargues.com\/wpdossier\/?p=5495"},"modified":"2016-04-14T17:09:48","modified_gmt":"2016-04-14T15:09:48","slug":"nuit-debout","status":"publish","type":"post","link":"http:\/\/saint-andre-d-olerargues.com\/wpdossier\/blog\/2016\/04\/05\/nuit-debout\/","title":{"rendered":"NUIT DEBOUT"},"content":{"rendered":"<p><a href=\"http:\/\/saint-andre-d-olerargues.com\/wpdossier\/wp-content\/uploads\/2016\/04\/Nuit-debout1.jpg\" rel=\"attachment wp-att-5498\"><img loading=\"lazy\" src=\"http:\/\/saint-andre-d-olerargues.com\/wpdossier\/wp-content\/uploads\/2016\/04\/Nuit-debout1.jpg\" alt=\"Nuit debout1\" width=\"1497\" height=\"2982\" class=\"alignnone size-full wp-image-5498\" srcset=\"http:\/\/saint-andre-d-olerargues.com\/wpdossier\/wp-content\/uploads\/2016\/04\/Nuit-debout1.jpg 1497w, http:\/\/saint-andre-d-olerargues.com\/wpdossier\/wp-content\/uploads\/2016\/04\/Nuit-debout1-151x300.jpg 151w, http:\/\/saint-andre-d-olerargues.com\/wpdossier\/wp-content\/uploads\/2016\/04\/Nuit-debout1-768x1530.jpg 768w, http:\/\/saint-andre-d-olerargues.com\/wpdossier\/wp-content\/uploads\/2016\/04\/Nuit-debout1-514x1024.jpg 514w\" sizes=\"(max-width: 1497px) 100vw, 1497px\" \/><\/a><br \/>\nPour signer cliquer ici : <a href=\"http:\/\/www.nuitdebout.fr\/fr\">PETITION<\/a> <\/p>\n<p> Lundi 4 avril, des centaines de personnes du mouvement \u00abNuit debout\u00bb occupaient pour la cinqui\u00e8me nuit cons\u00e9cutive la place de la R\u00e9publique \u00e0 Paris, pour d\u00e9noncer p\u00e8le-m\u00eale le tout-s\u00e9curitaire, le mal-logement, ou la r\u00e9forme du droit du travail. <\/p>\n<p>A la veille d&rsquo;une nouvelle manifestation contre la loi El Khomri, r\u00e9forme accus\u00e9e de favoriser la pr\u00e9carisation des travailleurs, sur la place de la R\u00e9publique, les revendications couvraient tout le spectre du champ social. \u00abNuit debout\u00bb est pourtant n\u00e9e vendredi apr\u00e8s une marche (390 000 personnes selon les autorit\u00e9s, 1,2 million de personnes selon les syndicats) pr\u00e9cis\u00e9ment contre cette loi. Depuis lors, chaque jour, plusieurs dizaines de manifestants passent la nuit sur la place avant d&rsquo;\u00eatre d\u00e9log\u00e9s par les forces de l&rsquo;ordre au petit matin.<\/p>\n<h1>Ce qu&rsquo;en pense un \u00ab\u00a0Sage\u00a0\u00bb humaniste<\/h1>\n<p><iframe width=\"560\" height=\"315\" src=\"https:\/\/www.youtube.com\/embed\/SF7yX4KNXJ4\" frameborder=\"0\" allowfullscreen><\/iframe><\/p>\n","protected":false},"excerpt":{"rendered":"<p>Pour signer cliquer ici : PETITION Lundi 4 avril, des centaines de personnes du mouvement \u00abNuit debout\u00bb occupaient pour la cinqui\u00e8me nuit cons\u00e9cutive la place de la R\u00e9publique \u00e0 Paris, pour d\u00e9noncer p\u00e8le-m\u00eale le tout-s\u00e9curitaire, le mal-logement, ou la r\u00e9forme du droit du travail. A la veille d&rsquo;une nouvelle manifestation contre la loi El Khomri, r\u00e9forme accus\u00e9e de favoriser la pr\u00e9carisation des travailleurs, sur la place de la R\u00e9publique, les revendications couvraient tout le spectre du champ social. \u00abNuit debout\u00bb est pourtant n\u00e9e vendredi apr\u00e8s une marche (390 000 personnes selon les autorit\u00e9s, 1,2 million de personnes selon les syndicats) pr\u00e9cis\u00e9ment contre cette loi. Depuis lors, chaque jour, plusieurs dizaines de manifestants passent la nuit sur la place avant d&rsquo;\u00eatre d\u00e9log\u00e9s par les forces de l&rsquo;ordre au petit matin. Ce qu&rsquo;en pense un \u00ab\u00a0Sage\u00a0\u00bb humaniste<\/p>\n","protected":false},"author":1,"featured_media":0,"comment_status":"open","ping_status":"open","sticky":false,"template":"","format":"standard","meta":[],"categories":[21],"tags":[],"_links":{"self":[{"href":"http:\/\/saint-andre-d-olerargues.com\/wpdossier\/wp-json\/wp\/v2\/posts\/5495"}],"collection":[{"href":"http:\/\/saint-andre-d-olerargues.com\/wpdossier\/wp-json\/wp\/v2\/posts"}],"about":[{"href":"http:\/\/saint-andre-d-olerargues.com\/wpdossier\/wp-json\/wp\/v2\/types\/post"}],"author":[{"embeddable":true,"href":"http:\/\/saint-andre-d-olerargues.com\/wpdossier\/wp-json\/wp\/v2\/users\/1"}],"replies":[{"embeddable":true,"href":"http:\/\/saint-andre-d-olerargues.com\/wpdossier\/wp-json\/wp\/v2\/comments?post=5495"}],"version-history":[{"count":6,"href":"http:\/\/saint-andre-d-olerargues.com\/wpdossier\/wp-json\/wp\/v2\/posts\/5495\/revisions"}],"predecessor-version":[{"id":5512,"href":"http:\/\/saint-andre-d-olerargues.com\/wpdossier\/wp-json\/wp\/v2\/posts\/5495\/revisions\/5512"}],"wp:attachment":[{"href":"http:\/\/saint-andre-d-olerargues.com\/wpdossier\/wp-json\/wp\/v2\/media?parent=5495"}],"wp:term":[{"taxonomy":"category","embeddable":true,"href":"http:\/\/saint-andre-d-olerargues.com\/wpdossier\/wp-json\/wp\/v2\/categories?post=5495"},{"taxonomy":"post_tag","embeddable":true,"href":"http:\/\/saint-andre-d-olerargues.com\/wpdossier\/wp-json\/wp\/v2\/tags?post=5495"}],"curies":[{"name":"wp","href":"https:\/\/api.w.org\/{rel}","templated":true}]}}