{"id":5576,"date":"2016-06-27T18:22:25","date_gmt":"2016-06-27T16:22:25","guid":{"rendered":"http:\/\/saint-andre-d-olerargues.com\/wpdossier\/?p=5576"},"modified":"2016-06-27T19:17:15","modified_gmt":"2016-06-27T17:17:15","slug":"jaime-lane-francis-jammes","status":"publish","type":"post","link":"http:\/\/saint-andre-d-olerargues.com\/wpdossier\/blog\/2016\/06\/27\/jaime-lane-francis-jammes\/","title":{"rendered":"J&rsquo;aime l&rsquo;\u00e2ne &#8211; Francis Jammes"},"content":{"rendered":"<p><a href=\"http:\/\/saint-andre-d-olerargues.com\/wpdossier\/wp-content\/uploads\/2016\/06\/jaime-lane.jpg\"><img loading=\"lazy\" src=\"http:\/\/saint-andre-d-olerargues.com\/wpdossier\/wp-content\/uploads\/2016\/06\/jaime-lane.jpg\" alt=\"j&#039;aime l&#039;ane\" width=\"435\" height=\"452\" class=\"alignnone size-full wp-image-5577\" srcset=\"http:\/\/saint-andre-d-olerargues.com\/wpdossier\/wp-content\/uploads\/2016\/06\/jaime-lane.jpg 435w, http:\/\/saint-andre-d-olerargues.com\/wpdossier\/wp-content\/uploads\/2016\/06\/jaime-lane-289x300.jpg 289w, http:\/\/saint-andre-d-olerargues.com\/wpdossier\/wp-content\/uploads\/2016\/06\/jaime-lane-115x120.jpg 115w\" sizes=\"(max-width: 435px) 100vw, 435px\" \/><\/a><\/p>\n<blockquote><p>J\u2019AIME L\u2019ANE&#8230;<\/p>\n<p>J\u2019aime l\u2019\u00e2ne si doux<br \/>\nmarchant le long des houx.<\/p>\n<p>Il prend garde aux abeilles<br \/>\net bouge ses oreilles ;<\/p>\n<p>et il porte les pauvres<br \/>\net des sacs remplis d\u2019orge.<\/p>\n<p>Il va, pr\u00e8s des foss\u00e9s,<br \/>\nd\u2019un petit pas cass\u00e9.<\/p>\n<p>Mon amie le croit b\u00eate<br \/>\nparce qu\u2019il est po\u00e8te.<\/p>\n<p>Il r\u00e9fl\u00e9chit toujours.<br \/>\nSes yeux sont en velours.<\/p>\n<p>Jeune fille au doux c\u0153ur,<br \/>\ntu n\u2019as pas sa douceur :<\/p>\n<p>car il est devant Dieu<br \/>\nl\u2019\u00e2ne doux du ciel bleu.<\/p>\n<p>Et il reste \u00e0 l\u2019\u00e9table,<br \/>\nfatigu\u00e9, mis\u00e9rable,<\/p>\n<p>ayant bien fatigu\u00e9<br \/>\nses pauvres petits pieds.<\/p>\n<p>Il a fait son devoir<br \/>\ndu matin jusqu\u2019au soir.<\/p>\n<p>Qu\u2019as-tu fait jeune fille ?<br \/>\nTu as tir\u00e9 l\u2019aiguille&#8230;<\/p>\n<p>Mais l\u2019\u00e2ne s\u2019est bless\u00e9 :<br \/>\nla mouche l\u2019a piqu\u00e9.<\/p>\n<p>Il a tant travaill\u00e9<br \/>\nque \u00e7a vous fait piti\u00e9.<\/p>\n<p>Qu\u2019as-tu mang\u00e9 petite ?<br \/>\nT\u2019as mang\u00e9 des cerises.<\/p>\n<p>L\u2019\u00e2ne n\u2019a pas eu d\u2019orge,<br \/>\ncar le ma\u00eetre est trop pauvre.<\/p>\n<p>Il a suc\u00e9 la corde,<br \/>\npuis a dormi dans l\u2019ombre&#8230;<\/p>\n<p>La corde de ton c\u0153ur<br \/>\nn\u2019a pas cette douceur.<\/p>\n<p>Il est l\u2019\u00e2ne si doux<br \/>\nmarchant le long des houx.<\/p>\n<p>J\u2019ai le c\u0153ur ulc\u00e9r\u00e9 :<br \/>\nce mot-l\u00e0 te plairait.<\/p>\n<p>Dis-moi donc, ma ch\u00e9rie,<br \/>\nsi je pleure ou je ris ?<\/p>\n<p>Va trouver le vieil \u00e2ne,<br \/>\net dis-lui que mon \u00e2me<\/p>\n<p>est sur les grands chemins,<br \/>\ncomme lui le matin.<\/p>\n<p>Demande-lui, ch\u00e9rie,<br \/>\nsi je pleure ou je ris ?<\/p>\n<p>Je doute qu\u2019il r\u00e9ponde :<br \/>\nil marchera dans l\u2019ombre,<\/p>\n<p>crev\u00e9 par la douceur,<br \/>\nsur le chemin en fleurs.\n<\/blockquote>\n","protected":false},"excerpt":{"rendered":"<p>J\u2019AIME L\u2019ANE&#8230; J\u2019aime l\u2019\u00e2ne si doux marchant le long des houx. Il prend garde aux abeilles et bouge ses oreilles ; et il porte les pauvres et des sacs remplis d\u2019orge. Il va, pr\u00e8s des foss\u00e9s, d\u2019un petit pas cass\u00e9. Mon amie le croit b\u00eate parce qu\u2019il est po\u00e8te. Il r\u00e9fl\u00e9chit toujours. Ses yeux sont en velours. Jeune fille au doux c\u0153ur, tu n\u2019as pas sa douceur : car il est devant Dieu l\u2019\u00e2ne doux du ciel bleu. Et il reste \u00e0 l\u2019\u00e9table, fatigu\u00e9, mis\u00e9rable, ayant bien fatigu\u00e9 ses pauvres petits pieds. Il a fait son devoir du matin jusqu\u2019au soir. Qu\u2019as-tu fait jeune fille ? Tu as tir\u00e9 l\u2019aiguille&#8230; Mais l\u2019\u00e2ne s\u2019est bless\u00e9 : la mouche l\u2019a piqu\u00e9. Il a tant travaill\u00e9 que \u00e7a vous fait piti\u00e9. Qu\u2019as-tu mang\u00e9 petite ? T\u2019as mang\u00e9 des cerises. L\u2019\u00e2ne n\u2019a pas eu d\u2019orge, car le ma\u00eetre est trop pauvre. Il a suc\u00e9 la corde, puis a dormi dans l\u2019ombre&#8230; La corde de ton c\u0153ur n\u2019a pas cette douceur. Il est l\u2019\u00e2ne si doux marchant le long des houx. J\u2019ai le c\u0153ur ulc\u00e9r\u00e9 : ce mot-l\u00e0 te plairait. Dis-moi donc, ma ch\u00e9rie, si je pleure ou je ris ? Va trouver le vieil [&hellip;]<\/p>\n","protected":false},"author":1,"featured_media":0,"comment_status":"open","ping_status":"open","sticky":false,"template":"","format":"standard","meta":[],"categories":[10],"tags":[],"_links":{"self":[{"href":"http:\/\/saint-andre-d-olerargues.com\/wpdossier\/wp-json\/wp\/v2\/posts\/5576"}],"collection":[{"href":"http:\/\/saint-andre-d-olerargues.com\/wpdossier\/wp-json\/wp\/v2\/posts"}],"about":[{"href":"http:\/\/saint-andre-d-olerargues.com\/wpdossier\/wp-json\/wp\/v2\/types\/post"}],"author":[{"embeddable":true,"href":"http:\/\/saint-andre-d-olerargues.com\/wpdossier\/wp-json\/wp\/v2\/users\/1"}],"replies":[{"embeddable":true,"href":"http:\/\/saint-andre-d-olerargues.com\/wpdossier\/wp-json\/wp\/v2\/comments?post=5576"}],"version-history":[{"count":3,"href":"http:\/\/saint-andre-d-olerargues.com\/wpdossier\/wp-json\/wp\/v2\/posts\/5576\/revisions"}],"predecessor-version":[{"id":5580,"href":"http:\/\/saint-andre-d-olerargues.com\/wpdossier\/wp-json\/wp\/v2\/posts\/5576\/revisions\/5580"}],"wp:attachment":[{"href":"http:\/\/saint-andre-d-olerargues.com\/wpdossier\/wp-json\/wp\/v2\/media?parent=5576"}],"wp:term":[{"taxonomy":"category","embeddable":true,"href":"http:\/\/saint-andre-d-olerargues.com\/wpdossier\/wp-json\/wp\/v2\/categories?post=5576"},{"taxonomy":"post_tag","embeddable":true,"href":"http:\/\/saint-andre-d-olerargues.com\/wpdossier\/wp-json\/wp\/v2\/tags?post=5576"}],"curies":[{"name":"wp","href":"https:\/\/api.w.org\/{rel}","templated":true}]}}