{"id":5651,"date":"2016-07-24T10:09:40","date_gmt":"2016-07-24T08:09:40","guid":{"rendered":"http:\/\/saint-andre-d-olerargues.com\/wpdossier\/?p=5651"},"modified":"2016-07-24T10:09:40","modified_gmt":"2016-07-24T08:09:40","slug":"dapres-jean-marc-ayrault-la-ville-dalep-est-assiegee-par-les-troupes-de-saddam-hussein","status":"publish","type":"post","link":"http:\/\/saint-andre-d-olerargues.com\/wpdossier\/blog\/2016\/07\/24\/dapres-jean-marc-ayrault-la-ville-dalep-est-assiegee-par-les-troupes-de-saddam-hussein\/","title":{"rendered":"D&rsquo;apr\u00e8s Jean-Marc Ayrault, la ville d&rsquo;Alep est assi\u00e9g\u00e9e par les troupes de&#8230; Saddam Hussein"},"content":{"rendered":"<p><iframe width=\"544\" height=\"306\" src=\"\/\/embedftv-a.akamaihd.net\/dc9bc0caeed1a5b7215afdf642e5978c\" frameborder=\"0\" scrolling=\"no\" allowfullscreen><\/iframe><br \/><a href=\"http:\/\/mobile.francetvinfo.fr\/france\/14-juillet\/video-pour-ayrault-la-ville-d-alep-est-assiegee-par-les-troupes-de-saddam-hussein_1546633.html#xtref=http:\/\/m.facebook.com\" target=\"_blank\">VIDEO. Pour Ayrault, Alep est assi\u00e9g\u00e9 par les troupes de Hussein<\/a><br \/>\nLes politicards se couvrent de plus en plus de ridicules qui peut encore leur accorder le moindre cr\u00e9dit. Confondre et dire Saddam Hussein \u00e0 la place de  Bacher El Assad !!! La fatigue peut-\u00eatre?<\/p>\n<p>Et dire que \u00ab\u00a0Le drame de la Syrie c&rsquo;est  qu&rsquo;Alep soit lib\u00e9r\u00e9 par Assad\u00a0\u00bb! Le drame c&rsquo;est l&rsquo;inverse Alep est aux mains de Daech. Le drame \u00e0 ses yeux, c&rsquo;est justement que Alep soit lib\u00e9r\u00e9 par Assad car \u00e7a le mettrait d\u00e9finitivement en position de force et serait tr\u00e8s difficile \u00e0 d\u00e9boulonner du pouvoir. L&rsquo;autre drame pour lui est bien \u00e9videmment que les russes mettent des b\u00e2tons dans les roues de ses plans g\u00e9opolitiques. Quelle mentalit\u00e9 ex\u00e9crable&#8230;<\/p>\n","protected":false},"excerpt":{"rendered":"<p>VIDEO. Pour Ayrault, Alep est assi\u00e9g\u00e9 par les troupes de Hussein Les politicards se couvrent de plus en plus de ridicules qui peut encore leur accorder le moindre cr\u00e9dit. Confondre et dire Saddam Hussein \u00e0 la place de Bacher El Assad !!! La fatigue peut-\u00eatre? Et dire que \u00ab\u00a0Le drame de la Syrie c&rsquo;est qu&rsquo;Alep soit lib\u00e9r\u00e9 par Assad\u00a0\u00bb! Le drame c&rsquo;est l&rsquo;inverse Alep est aux mains de Daech. Le drame \u00e0 ses yeux, c&rsquo;est justement que Alep soit lib\u00e9r\u00e9 par Assad car \u00e7a le mettrait d\u00e9finitivement en position de force et serait tr\u00e8s difficile \u00e0 d\u00e9boulonner du pouvoir. L&rsquo;autre drame pour lui est bien \u00e9videmment que les russes mettent des b\u00e2tons dans les roues de ses plans g\u00e9opolitiques. Quelle mentalit\u00e9 ex\u00e9crable&#8230;<\/p>\n","protected":false},"author":1,"featured_media":0,"comment_status":"open","ping_status":"open","sticky":false,"template":"","format":"standard","meta":[],"categories":[21],"tags":[],"_links":{"self":[{"href":"http:\/\/saint-andre-d-olerargues.com\/wpdossier\/wp-json\/wp\/v2\/posts\/5651"}],"collection":[{"href":"http:\/\/saint-andre-d-olerargues.com\/wpdossier\/wp-json\/wp\/v2\/posts"}],"about":[{"href":"http:\/\/saint-andre-d-olerargues.com\/wpdossier\/wp-json\/wp\/v2\/types\/post"}],"author":[{"embeddable":true,"href":"http:\/\/saint-andre-d-olerargues.com\/wpdossier\/wp-json\/wp\/v2\/users\/1"}],"replies":[{"embeddable":true,"href":"http:\/\/saint-andre-d-olerargues.com\/wpdossier\/wp-json\/wp\/v2\/comments?post=5651"}],"version-history":[{"count":2,"href":"http:\/\/saint-andre-d-olerargues.com\/wpdossier\/wp-json\/wp\/v2\/posts\/5651\/revisions"}],"predecessor-version":[{"id":5653,"href":"http:\/\/saint-andre-d-olerargues.com\/wpdossier\/wp-json\/wp\/v2\/posts\/5651\/revisions\/5653"}],"wp:attachment":[{"href":"http:\/\/saint-andre-d-olerargues.com\/wpdossier\/wp-json\/wp\/v2\/media?parent=5651"}],"wp:term":[{"taxonomy":"category","embeddable":true,"href":"http:\/\/saint-andre-d-olerargues.com\/wpdossier\/wp-json\/wp\/v2\/categories?post=5651"},{"taxonomy":"post_tag","embeddable":true,"href":"http:\/\/saint-andre-d-olerargues.com\/wpdossier\/wp-json\/wp\/v2\/tags?post=5651"}],"curies":[{"name":"wp","href":"https:\/\/api.w.org\/{rel}","templated":true}]}}