{"id":5796,"date":"2016-09-28T11:41:01","date_gmt":"2016-09-28T09:41:01","guid":{"rendered":"http:\/\/saint-andre-d-olerargues.com\/wpdossier\/?p=5796"},"modified":"2016-09-28T11:41:01","modified_gmt":"2016-09-28T09:41:01","slug":"quand-ils-meurent-ils-deviennent-des-saints","status":"publish","type":"post","link":"http:\/\/saint-andre-d-olerargues.com\/wpdossier\/blog\/2016\/09\/28\/quand-ils-meurent-ils-deviennent-des-saints\/","title":{"rendered":"Quand ils meurent ils deviennent des \u00ab saints !\u00bb"},"content":{"rendered":"<p><a href=\"http:\/\/saint-andre-d-olerargues.com\/wpdossier\/wp-content\/uploads\/2016\/09\/Peres1.jpg\"><img loading=\"lazy\" src=\"http:\/\/saint-andre-d-olerargues.com\/wpdossier\/wp-content\/uploads\/2016\/09\/Peres1.jpg\" alt=\"peres1\" width=\"555\" height=\"313\" class=\"alignnone size-full wp-image-5795\" srcset=\"http:\/\/saint-andre-d-olerargues.com\/wpdossier\/wp-content\/uploads\/2016\/09\/Peres1.jpg 555w, http:\/\/saint-andre-d-olerargues.com\/wpdossier\/wp-content\/uploads\/2016\/09\/Peres1-300x169.jpg 300w, http:\/\/saint-andre-d-olerargues.com\/wpdossier\/wp-content\/uploads\/2016\/09\/Peres1-213x120.jpg 213w\" sizes=\"(max-width: 555px) 100vw, 555px\" \/><\/a><br \/>\nSource : http:\/\/presstv.com\/DetailFr\/2016\/09\/28\/486720\/Shimon-Peres-bourreau-de-Qana-est-mort<\/p>\n<h1>Shimon Peres, bourreau de Qana est mort<\/h1>\n<h2>Tous nos M\u00e9dias et tous nos hommes politiques lui rendent hommage.<\/h2>\n<p>Mais n\u2019oublions pas que \u2026<\/p>\n<p>L&rsquo;ancien pr\u00e9sident isra\u00e9lien, Shimon Peres est mort dans la nuit de mardi \u00e0 mercredi, deux semaines apr\u00e8s un accident vasculaire c\u00e9r\u00e9bral, ont annonc\u00e9 les m\u00e9dias isra\u00e9liens. <\/p>\n<p>Peres, dont les parents avaient immigr\u00e9 en 1932 en Palestine, est n\u00e9 en 1923. En 1947, il a rejoint, en tant que responsable des achats d&rsquo;armements, la Haganah, l&rsquo;organisation terroriste qui avait pour mission de mener des attaques arm\u00e9es contre les Palestiniens. La Haganah contribuait \u00e9galement \u00e0 l&rsquo;h\u00e9bergement des Juifs \u00e9migr\u00e9s en Palestine ainsi qu&rsquo;\u00e0 l&rsquo;immigration  ill\u00e9gale des sionistes. <\/p>\n<h2>Au sommet de la hi\u00e9rarchie militaire<\/h2>\n<p>Peres a assum\u00e9 dans les ann\u00e9es suivantes de nombreuses postes au sommet de la hi\u00e9rarchie militaire. Il a ainsi \u00e9t\u00e9 tour \u00e0 tour le commandant de la force navale isra\u00e9lienne, le responsable de la d\u00e9l\u00e9gation charg\u00e9e de promouvoir les relations militaires isra\u00e9lo-am\u00e9ricaines au minist\u00e8re des Affaires militaires, le secr\u00e9taire g\u00e9n\u00e9ral de ce minist\u00e8re et le responsable du projet de construction de la centrale nucl\u00e9aire de Dimona.<\/p>\n<p>Il a jou\u00e9 un r\u00f4le aussi important qu&rsquo;inoubliable dans les massacres des Palestiniens et a \u00e9t\u00e9 l&rsquo;un des artisans majeurs de l&rsquo;obtention par le r\u00e9gime isra\u00e9lien de l&rsquo;arme atomique et d&rsquo;autres armes de destruction massive.<\/p>\n<p>Il a \u00e9t\u00e9, par ailleurs, l&rsquo;un des premiers \u00e0 r\u00e9primer en 1987 la premi\u00e8re Intifada palestinienne et \u00e0 soutenir les politiques criminelles d&rsquo;Ariel Sharon, \u00e0 l&rsquo;\u00e9poque Premier ministre isra\u00e9lien, dont son recours syst\u00e9matique \u00e0 la violence envers les Palestiniens. <\/p>\n<p>Peres d\u00e9fendait aussi ardemment les implantations ill\u00e9gales des colons juifs sur les territoires palestiniens, et a de fait une responsabilit\u00e9 majeure dans la mise en place de l&rsquo;apartheid isra\u00e9lien. <\/p>\n<h2>Acteur de l\u2019agression militaire contre le Liban<\/h2>\n<p>En 1982, Peres a \u00e9t\u00e9 l&rsquo;un des principaux protecteurs de l&rsquo;agression militaire contre le Liban, qui a caus\u00e9 plus de 20.000 victimes, tous des civils.<\/p>\n<p>En 1996, alors qu&rsquo;il \u00e9tait Premier ministre d&rsquo;Isra\u00ebl, Peres a lanc\u00e9 une op\u00e9ration baptis\u00e9e les \u00ab\u00a0Raisins de la col\u00e8re\u00a0\u00bb, dans le but de contrer les forces de la R\u00e9sistance libanaise. <\/p>\n<p>Le massacre de Qana (ou Cana) date de la m\u00eame \u00e9poque. Un horrible crime de guerre, auquel ont particip\u00e9 des unit\u00e9s de l&rsquo;artillerie de l&rsquo;arm\u00e9e isra\u00e9lienne, contre les civils libanais, pour la plupart des enfants, dans le village de Qana.<\/p>\n<p><a href=\"http:\/\/saint-andre-d-olerargues.com\/wpdossier\/wp-content\/uploads\/2016\/09\/Peres2.jpg\"><img loading=\"lazy\" src=\"http:\/\/saint-andre-d-olerargues.com\/wpdossier\/wp-content\/uploads\/2016\/09\/Peres2.jpg\" alt=\"peres2\" width=\"555\" height=\"313\" class=\"alignnone size-full wp-image-5797\" srcset=\"http:\/\/saint-andre-d-olerargues.com\/wpdossier\/wp-content\/uploads\/2016\/09\/Peres2.jpg 555w, http:\/\/saint-andre-d-olerargues.com\/wpdossier\/wp-content\/uploads\/2016\/09\/Peres2-300x169.jpg 300w, http:\/\/saint-andre-d-olerargues.com\/wpdossier\/wp-content\/uploads\/2016\/09\/Peres2-213x120.jpg 213w\" sizes=\"(max-width: 555px) 100vw, 555px\" \/><\/a><\/p>\n<p>Les frappes r\u00e9p\u00e9t\u00e9es de missiles, tir\u00e9s au milieu de la nuit pendant que les victimes \u00e9taient endormies, ont r\u00e9duit en miettes un immeuble de logements de quatre \u00e9tages et les maisons avoisinantes, tuant et blessant plus de 200 personnes, dont de nombreux enfants.<\/p>\n<p>Pour des millions de gens \u00e0 travers le monde, cette atrocit\u00e9 incarnait l\u2019essence m\u00eame de la guerre contre le Liban, men\u00e9e avec l\u2019appui des Etats-Unis, et illustrait parfaitement sa brutalit\u00e9 et son inhumanit\u00e9. <\/p>\n<h2>S\u2019i pas moi M\u2019siou !<\/h2>\n<p>Isra\u00ebl a tout d&rsquo;abord pr\u00e9tendu ne pas l&rsquo;avoir fait expr\u00e8s. Mais les enqu\u00eates de l&rsquo;ONU ont d\u00e9montr\u00e9, quelques mois plus tard, qu&rsquo;il s&rsquo;agissait d&rsquo;une op\u00e9ration pr\u00e9m\u00e9dit\u00e9e, \u00e9tant donn\u00e9 qu&rsquo;un drone isra\u00e9lien avait film\u00e9 le camp avant le d\u00e9but de l&rsquo;agression. <\/p>\n<p>Or, Shimon Peres a pr\u00e9tendu que tout avait eu lieu d&rsquo;une mani\u00e8re responsable et logique et qu&rsquo;il avait donc la conscience tranquille. Ce crime lui a pourtant valu le pseudonyme de \u00ab\u00a0Bourreau de Qana\u00a0\u00bb.<br \/>\nS&rsquo;ajoute \u00e0 son bilan aussi long que funeste l&rsquo;op\u00e9ration \u00ab\u00a0Plomb durci\u00a0\u00bb, men\u00e9e en 2008 contre la bande de Gaza et qui a fait des dizaines de morts, dont des femmes, des enfants et des vieillards.<br \/>\nC&rsquo;\u00e9tait toujours pendant la pr\u00e9sidence de Peres, en 2010, que le navire Mavi Marmara a \u00e9t\u00e9 attaqu\u00e9 par les unit\u00e9s sp\u00e9ciales isra\u00e9liennes, tuant 9 militants turcs des droits de l&rsquo;homme et blessant 60 autres personnes. <\/p>\n<p>C&rsquo;est \u00e0 cet ogre des temps modernes que la communaut\u00e9 internationale, pleine de cynisme, a d\u00e9cern\u00e9 en 1994 le Prix Nobel de la paix et rend hommage aujourd\u2019hui !<\/p>\n<h2>Le monde va tr\u00e8s mal je vous dis !<\/h2>\n","protected":false},"excerpt":{"rendered":"<p>Source : http:\/\/presstv.com\/DetailFr\/2016\/09\/28\/486720\/Shimon-Peres-bourreau-de-Qana-est-mort Shimon Peres, bourreau de Qana est mort Tous nos M\u00e9dias et tous nos hommes politiques lui rendent hommage. Mais n\u2019oublions pas que \u2026 L&rsquo;ancien pr\u00e9sident isra\u00e9lien, Shimon Peres est mort dans la nuit de mardi \u00e0 mercredi, deux semaines apr\u00e8s un accident vasculaire c\u00e9r\u00e9bral, ont annonc\u00e9 les m\u00e9dias isra\u00e9liens. Peres, dont les parents avaient immigr\u00e9 en 1932 en Palestine, est n\u00e9 en 1923. En 1947, il a rejoint, en tant que responsable des achats d&rsquo;armements, la Haganah, l&rsquo;organisation terroriste qui avait pour mission de mener des attaques arm\u00e9es contre les Palestiniens. La Haganah contribuait \u00e9galement \u00e0 l&rsquo;h\u00e9bergement des Juifs \u00e9migr\u00e9s en Palestine ainsi qu&rsquo;\u00e0 l&rsquo;immigration ill\u00e9gale des sionistes. Au sommet de la hi\u00e9rarchie militaire Peres a assum\u00e9 dans les ann\u00e9es suivantes de nombreuses postes au sommet de la hi\u00e9rarchie militaire. Il a ainsi \u00e9t\u00e9 tour \u00e0 tour le commandant de la force navale isra\u00e9lienne, le responsable de la d\u00e9l\u00e9gation charg\u00e9e de promouvoir les relations militaires isra\u00e9lo-am\u00e9ricaines au minist\u00e8re des Affaires militaires, le secr\u00e9taire g\u00e9n\u00e9ral de ce minist\u00e8re et le responsable du projet de construction de la centrale nucl\u00e9aire de Dimona. Il a jou\u00e9 un r\u00f4le aussi important qu&rsquo;inoubliable dans les massacres des Palestiniens et a \u00e9t\u00e9 l&rsquo;un [&hellip;]<\/p>\n","protected":false},"author":1,"featured_media":0,"comment_status":"open","ping_status":"open","sticky":false,"template":"","format":"standard","meta":[],"categories":[21],"tags":[],"_links":{"self":[{"href":"http:\/\/saint-andre-d-olerargues.com\/wpdossier\/wp-json\/wp\/v2\/posts\/5796"}],"collection":[{"href":"http:\/\/saint-andre-d-olerargues.com\/wpdossier\/wp-json\/wp\/v2\/posts"}],"about":[{"href":"http:\/\/saint-andre-d-olerargues.com\/wpdossier\/wp-json\/wp\/v2\/types\/post"}],"author":[{"embeddable":true,"href":"http:\/\/saint-andre-d-olerargues.com\/wpdossier\/wp-json\/wp\/v2\/users\/1"}],"replies":[{"embeddable":true,"href":"http:\/\/saint-andre-d-olerargues.com\/wpdossier\/wp-json\/wp\/v2\/comments?post=5796"}],"version-history":[{"count":2,"href":"http:\/\/saint-andre-d-olerargues.com\/wpdossier\/wp-json\/wp\/v2\/posts\/5796\/revisions"}],"predecessor-version":[{"id":5799,"href":"http:\/\/saint-andre-d-olerargues.com\/wpdossier\/wp-json\/wp\/v2\/posts\/5796\/revisions\/5799"}],"wp:attachment":[{"href":"http:\/\/saint-andre-d-olerargues.com\/wpdossier\/wp-json\/wp\/v2\/media?parent=5796"}],"wp:term":[{"taxonomy":"category","embeddable":true,"href":"http:\/\/saint-andre-d-olerargues.com\/wpdossier\/wp-json\/wp\/v2\/categories?post=5796"},{"taxonomy":"post_tag","embeddable":true,"href":"http:\/\/saint-andre-d-olerargues.com\/wpdossier\/wp-json\/wp\/v2\/tags?post=5796"}],"curies":[{"name":"wp","href":"https:\/\/api.w.org\/{rel}","templated":true}]}}