{"id":6022,"date":"2017-01-11T08:25:04","date_gmt":"2017-01-11T07:25:04","guid":{"rendered":"http:\/\/saint-andre-d-olerargues.com\/wpdossier\/?p=6022"},"modified":"2017-01-11T08:50:24","modified_gmt":"2017-01-11T07:50:24","slug":"un-seau-deau-froide-en-direct-sur-lci-dans-une-guerre-la-premiere-victime-cest-la-verite","status":"publish","type":"post","link":"http:\/\/saint-andre-d-olerargues.com\/wpdossier\/blog\/2017\/01\/11\/un-seau-deau-froide-en-direct-sur-lci-dans-une-guerre-la-premiere-victime-cest-la-verite\/","title":{"rendered":"UN SEAU D\u2019EAU FROIDE EN DIRECT SUR LCI\u2026 dans une guerre la premi\u00e8re victime c\u2019est la v\u00e9rit\u00e9 !"},"content":{"rendered":"<p>Source : Luis Alberto Reygada &#8211; <a href=\"https:\/\/www.legrandsoir.info\/desinformation-et-falsification-de-la-realite-syrie-un-editocrate-seul-au-monde-sur-lci.html\">Le Grand Soir.<\/a><\/p>\n<p>A lire et relire et diffuser largement !<\/p>\n<p><a href=\"http:\/\/saint-andre-d-olerargues.com\/wpdossier\/wp-content\/uploads\/2017\/01\/un-seau-deau-froide.jpg\"><img loading=\"lazy\" src=\"http:\/\/saint-andre-d-olerargues.com\/wpdossier\/wp-content\/uploads\/2017\/01\/un-seau-deau-froide.jpg\" alt=\"\" width=\"509\" height=\"333\" class=\"alignnone size-full wp-image-6023\" srcset=\"http:\/\/saint-andre-d-olerargues.com\/wpdossier\/wp-content\/uploads\/2017\/01\/un-seau-deau-froide.jpg 509w, http:\/\/saint-andre-d-olerargues.com\/wpdossier\/wp-content\/uploads\/2017\/01\/un-seau-deau-froide-300x196.jpg 300w, http:\/\/saint-andre-d-olerargues.com\/wpdossier\/wp-content\/uploads\/2017\/01\/un-seau-deau-froide-183x120.jpg 183w\" sizes=\"(max-width: 509px) 100vw, 509px\" \/><\/a><br \/>\nHo ! My God ! Dit-il !<\/p>\n<h1>Moments choisis d\u2019une \u00e9mission qui restera dans les m\u00e9moires, du moins nous l\u2019esp\u00e9rons dans celle d\u2019Yves Calvi qui aura peut-\u00eatre compris pourquoi tant de citoyens se montrent de plus en plus d\u00e9fiants face aux m\u00e9dias.<\/h1>\n<p>[ \u2026 ] Alors qu\u2019en g\u00e9n\u00e9ral  les voix dissonantes sont noy\u00e9es dans le flot du discours dominant, il arrive parfois \u2013et m\u00eame assez rarement pour le souligner, c\u2019est le but de cet article- que les arguments allant \u00e0 contre-courant du r\u00e9cit officiel soient \u00e0 ce point aveuglants que m\u00eame le plus docile des chiens de garde, le plus infaillible des \u00e9ditocrates [24], le plus exp\u00e9riment\u00e9 des journalistes de plateau-t\u00e9l\u00e9, se voit oblig\u00e9 \u2013 oh crime absolu &#8211; de se remettre en question. Ou plut\u00f4t de remettre en question la version des choses auquel il avait \u00e9t\u00e9 soumis et dont il avait particip\u00e9 \u00e0 la diffusion \u00e0 grande \u00e9chelle.<\/p>\n<p>Stup\u00e9faction d\u00e9concert\u00e9e, ahurissement et s\u00fbrement quelques gouttes de sueur, c\u2019est le tr\u00e8s jouissif spectacle que nous a offert Yves Calvi durant son \u00e9mission 24 heures en Question diffus\u00e9e en direct sur la cha\u00eene LCI le 15 d\u00e9cembre 2016 dernier et ayant pour titre Alep : seule au monde [25].<\/p>\n<p>En effet, ce soir-l\u00e0, alors que la bataille d\u2019Alep concentre toute l\u2019attention m\u00e9diatique et ne se r\u00e9sume, pour les m\u00e9dias dominants, qu\u2019au bombardement de la ville et au massacre des civils par les troupes de Bachar al-Assad appuy\u00e9es par l\u2019aviation russe, Yves Calvi (mais cela aurait pu arriver \u00e0 n\u2019importe quel autre \u00e9ditocrate, puisqu\u2019ils sont de par nature interchangeables) se voit magnifiquement mis en difficult\u00e9 journalistique quand tous ses invit\u00e9s sur le plateau, du d\u00e9but \u00e0 la fin de l\u2019\u00e9mission, co\u00efncident pour le mettre en porte-\u00e0-faux quant \u00e0 ses convictions au sujet de la situation dans la ville syrienne.<\/p>\n<p>Un grand sceau d\u2019eau glac\u00e9e en direct pour un repr\u00e9sentant du discours dominant dont l\u2019ignorance sur le sujet qu\u2019il est cens\u00e9 ma\u00eetriser est mise en \u00e9vidence \u00e0 la face du monde, une belle claque pour ce porte-voix de la v\u00e9rit\u00e9-officielle pour qui le monde para\u00eet s\u2019\u00e9crouler tout autour quand ses 4 invit\u00e9s lui jettent la v\u00e9rit\u00e9 au visage : ses certitudes \u00e9taient erron\u00e9es, les m\u00e9dias ont menti, il y a eu manipulation&#8230; Et nous devinons qu\u2019il sait, en son for int\u00e9rieur, qu\u2019il porte une grande responsabilit\u00e9, en tant que rouage actif du syst\u00e8me.<\/p>\n<p>Ses interrogations dubitatives prof\u00e9r\u00e9es \u00e0 voix haute traduisent un d\u00e9sarroi mal ma\u00eetris\u00e9 et nous, spectateurs, assistons alors \u00e0 un moment de t\u00e9l\u00e9vision presque historique : Calvi est oblig\u00e9 d\u2019avaler la pilule rouge de Morph\u00e9us et, comme le personnage du film The Truman Show, il assiste \u00e0 la chute du d\u00e9cor m\u00e9diatique de la grande supercherie formant la bulle &#8211; et le monde &#8211; qui l\u2019entoure.[26]<\/p>\n<h1>Les invit\u00e9s de l\u2019\u00e9mission : (qui n\u2019ont rien de conspirationnistes !)<\/h1>\n<p>&#8211; <strong>Fr\u00e9d\u00e9ric Pons<\/strong>, journaliste, \u00e9crivain, sp\u00e9cialiste de g\u00e9opolitique, professeur \u00e0 Saint-Cyr et auteur de \u2019Poutine\u2019 ;<\/p>\n<p>&#8211; <strong>Isabelle de Gaulmyn<\/strong>, r\u00e9dactrice en chef adjointe au journal La Croix ;<\/p>\n<p>&#8211; <strong>Fr\u00e9d\u00e9ric Pichon<\/strong>, professeur de g\u00e9opolitique, sp\u00e9cialiste de la Syrie et chercheur associ\u00e9 \u00e0 l\u2019universit\u00e9 Fran\u00e7ois Rabelais de Tours, auteur de \u2019Syrie, pourquoi l\u2019Occident s\u2019est tromp\u00e9\u2019 aux \u00e9ditions du Rocher ;<\/p>\n<p>&#8211; et le g\u00e9n\u00e9ral <strong>Vincent Desportes<\/strong>, professeur de strat\u00e9gie \u00e0 Sciences Po et HEC, a dirig\u00e9 l\u2019\u00e9cole de guerre et auteur de \u2019La Derni\u00e8re Bataille de France\u2019 chez Galimard..<\/p>\n<h1>Moments choisis<\/h1>\n<h2>1er extrait : \u00ab un peu de vrai et beaucoup d\u2019intoxication et de d\u00e9sinformation sur ce qui s\u2019est pass\u00e9 \u00bb<\/h2>\n<p>En guise d\u2019introduction, Yves Calvi plante son d\u00e9cor : les nombreuses images traumatisantes, la destruction de la ville d\u2019Alep, la pr\u00e9occupation des fran\u00e7ais (et comment ne pas se pr\u00e9occuper avec le battage m\u00e9diatique incessant depuis de nombreux mois !?)&#8230; mais tout de suite son premier invit\u00e9,<strong> Fr\u00e9d\u00e9ric Pons<\/strong>, remet les choses en place : \u00ab On a assist\u00e9 en tout cas en occident, en France, aux Etats-Unis en Europe \u00e0 un d\u00e9luge de mots extr\u00eamement forts&#8230; on a parl\u00e9 de g\u00e9nocide, massacres \u00e0 grande \u00e9chelle, il y a un peu de vrai et beaucoup d\u2019intoxication, beaucoup de d\u00e9sinformation sur ce qui s\u2019est pass\u00e9 (&#8230;) mais il y a des pr\u00e9cisions qui n\u2019ont pas \u00e9t\u00e9 donn\u00e9es&#8230; \u00bb<\/p>\n<p><strong>Yves Calvi <\/strong>Insiste sur la force des images, \u00ab traumatisantes, touchantes, il est normal de ressentir de l\u2019\u00e9motion&#8230; (&#8230;) On va tuer des gens dans les h\u00f4pitaux ! \u00bb. <\/p>\n<p><strong>Fr\u00e9d\u00e9ric Pons <\/strong>lui r\u00e9pond alors par des mots que les \u00e9ditocrates n\u2019ont pas l\u2019habitude de se voir jeter \u00e0 la figure : \u00ab intoxication, manipulation \u00bb&#8230; \u00ab On sait aujourd\u2019hui que certaines images ont \u00e9t\u00e9 manipul\u00e9es par la propagande islamiste &#8230; Nos m\u00e9dias ne l\u2019ont pas dit &#8230; \u00bb S\u2019en suit un r\u00e9quisitoire de l\u2019Observatoire syrien des droits de l\u2019homme&#8230; Quel culot cet invit\u00e9, remettre en question une des principales sources des m\u00e9dias dominants depuis le d\u00e9but du conflit ! <\/p>\n<p><iframe width=\"560\" height=\"315\" src=\"https:\/\/www.youtube.com\/embed\/x8YDq9trxgc\" frameborder=\"0\" allowfullscreen><\/iframe><\/p>\n<h2>2nd extrait : \u00ab il n\u2019y a pas les bons d\u2019un c\u00f4t\u00e9 et les mauvais de l\u2019autre \u00bb<\/h2>\n<p>La parole est ensuite donn\u00e9e \u00e0 la r\u00e9dactrice en chef adjointe de La Croix, qui ne fait pas seulement confirmer les dires de l\u2019intervenant ant\u00e9rieur, se permettant aussi de donner une petite le\u00e7on d\u2019objectivit\u00e9 et de professionnalisme au journalisme fran\u00e7ais : suivi du conflit depuis le d\u00e9but avec des sources sur place, compr\u00e9hension de la complexit\u00e9 de la situation dont il serait incorrect de vouloir r\u00e9duire \u00e0 \u00ab les bons d\u2019un c\u00f4t\u00e9 et les mauvais de l\u2019autre \u00bb, silence m\u00e9diatique lorsqu\u2019Alep ouest \u00e9tait bombard\u00e9e par les rebelles, et chute du mythe de la \u00ab r\u00e9volution \u00bb, auquel on a voulu donner une connotation trop romantique en France.<\/p>\n<p>Et puis l\u2019Arabie Saoudite commence \u00e0 \u00eatre mentionn\u00e9e, ou plut\u00f4t son soutien \u00e0 des gens \u00ab qui n\u2019\u00e9taient pas forcement de grands d\u00e9mocrates&#8230; \u00bb<\/p>\n<p><iframe width=\"560\" height=\"315\" src=\"https:\/\/www.youtube.com\/embed\/D81nIOza-FU\" frameborder=\"0\" allowfullscreen><\/iframe><\/p>\n<h2>3\u00e8me extrait : \u00ab On a \u00e9teint la Tour Eiffel pour les djihadistes ! \u00bb<\/h2>\n<p>Attention \u00e7a fait mal : ici <strong>Fr\u00e9d\u00e9ric Pichon <\/strong>explique qu\u2019en r\u00e9alit\u00e9 les derniers combats men\u00e9s dans la ville se font contre des rebelles&#8230; qui sont en fait des djihadistes. C\u2019est donc pour des djihadistes que la Tour Eiffel a \u00e9t\u00e9 \u00e9teinte symboliquement la veille !!! Une v\u00e9rit\u00e9 qui appara\u00eet \u00ab tr\u00e8s violente \u00bb aux yeux de Calvi, \u00ab apr\u00e8s ce que l\u2019on a cru percevoir pendant des semaines \u00bb mais \u00ab qui ne me semble pas pouvoir \u00eatre mis en doute \u00bb.<\/p>\n<p>Il s\u2019accroche ce bon vieux Calvi, c\u2019est tellement dur d\u2019ouvrir les yeux et d\u2019accepter que l\u2019on a \u00e9t\u00e9 tromp\u00e9 !!!<\/p>\n<p><iframe width=\"560\" height=\"315\" src=\"https:\/\/www.youtube.com\/embed\/PLEsyzNYDxc\" frameborder=\"0\" allowfullscreen><\/iframe><\/p>\n<h2>4\u00e8me extrait : \u00ab Ces djihadistes sont les m\u00eames que la France combat \u00e0 Mossoul \u00bb<\/h2>\n<p>En 30 secondes, le g\u00e9n\u00e9ral <strong>Vincent Desportes <\/strong>met Yves Calvi face \u00e0 une r\u00e9alit\u00e9 : les rebelles d\u2019Alep sont des djihadistes, d\u2019ailleurs ce sont les m\u00eames que la France combat avec ses rafales \u00e0 Mossoul !!!<\/p>\n<p><iframe width=\"560\" height=\"315\" src=\"https:\/\/www.youtube.com\/embed\/nir1R0cmIiU\" frameborder=\"0\" allowfullscreen><\/iframe><\/p>\n<h2>5\u00e8me extrait : \u00ab La presse fran\u00e7aise \u00e9t\u00e9 suiviste par rapport \u00e0 la diplomatie fran\u00e7aise \u00bb<\/h2>\n<p>Attention, il est ici question du traitement du conflit par les m\u00e9dias fran\u00e7ais. Parti pris anti-Bachar, suivisme de la diplomatie fran\u00e7aise, manque d\u2019objectivit\u00e9 &#8230;<strong> Isabelle de Gaulmyn <\/strong>remet -gentiment- les pendules \u00e0 l\u2019heure.<\/p>\n<p><iframe width=\"560\" height=\"315\" src=\"https:\/\/www.youtube.com\/embed\/NsSzakUNCHc\" frameborder=\"0\" allowfullscreen><\/iframe><\/p>\n<h2>6\u00e8me extrait : \u00ab Les m\u00e9dias dominants ont pris parti contre Assad, ils se sont mis des \u0153ill\u00e8res \u00bb<\/h2>\n<p><strong>Fr\u00e9d\u00e9ric Pons <\/strong>: \u00ab Les m\u00e9dias dominants ont d\u2019embl\u00e9e pris le parti du camp rebelle contre Assad \u00bb, ils \u00ab se sont mis des \u0153ill\u00e8res et se sont interdit d\u2019aller chercher d\u2019autres sources d\u2019informations que celles donn\u00e9es par les djihadistes, (&#8230;) des gens qui sont nos ennemis (&#8230;) et des experts en d\u00e9sinformation. L\u2019adage est bien connu, dans une guerre la premi\u00e8re victime c\u2019est la v\u00e9rit\u00e9 \u00bb.<\/p>\n<p><iframe width=\"560\" height=\"315\" src=\"https:\/\/www.youtube.com\/embed\/lD-96kGeQOc\" frameborder=\"0\" allowfullscreen><\/iframe><\/p>\n<h2>7\u00e8me extrait : \u00ab Sur la question du traitement m\u00e9diatique \u2026 il y a eu des exag\u00e9rations \u00bb<\/h2>\n<p>Dans cet extrait <strong>Yves Calvi <\/strong>sort une perle : voyant que les analyses de ses invit\u00e9s ne vont pas du tout dans le sens de ce qu\u2019il s\u2019attendait \u00e0 entendre, il pr\u00e9vient sur son plateau : \u00ab Je voudrai juste qu\u2019on ne fasse pas la premi\u00e8re \u00e9mission r\u00e9visionniste de l\u2019histoire r\u00e9cente en Syrie \u00bb !!!<\/p>\n<p>Suite \u00e0 cela, <strong>Fr\u00e9d\u00e9ric Pichon <\/strong>pr\u00e9cise assez paternellement que le syst\u00e8me m\u00e9diatique a en fait simplement \u00e9t\u00e9 une \u00ab  victime technique \u00bb du conflit, \u00e0 cause de son incapacit\u00e9 \u00e0 se rendre sur place !!!<\/p>\n<p><iframe width=\"560\" height=\"315\" src=\"https:\/\/www.youtube.com\/embed\/I3WZ94LFfgI\" frameborder=\"0\" allowfullscreen><\/iframe><\/p>\n<h2>8\u00e8me extrait : Mais qui sont les rebelles ?<\/h2>\n<p>Dans cet extrait, Yves Calvi se fait r\u00e9p\u00e9ter par le <strong>g\u00e9n\u00e9ral Desportes <\/strong>qu\u2019en r\u00e9alit\u00e9, ceux qui \u00e9taient appel\u00e9s \u00ab les rebelles \u00bb sont \u00ab globalement \u00bb nos adversaires, des djihadistes d\u2019Al Nosra, de la mouvance d\u2019Al Qa\u00efda.<\/p>\n<p><iframe width=\"560\" height=\"315\" src=\"https:\/\/www.youtube.com\/embed\/yHLKA1baz9I\" frameborder=\"0\" allowfullscreen><\/iframe><\/p>\n<h2>9\u00e8me extrait : Une analyse qui a seulement 5 ans de retard !<\/h2>\n<p>Dans cet extrait Yves Calvi s\u2019entend dire que les djihadistes d\u2019Alep \u2013 que combattent les troupes syriennes au c\u00f4t\u00e9 des forces russes &#8211; sont les m\u00eames qui ont frapp\u00e9 la France au Bataclan, \u00e0 Charlie Hebdo, \u00e0 Nice !!! Quant \u00e0 la \u00ab R\u00e9volution syrienne \u00bb, il apprend qu\u2019elle a en fait pris fin d\u00e8s les derniers mois de 2011, suite \u00e0 quoi des groupes islamistes soutenus par l\u2019Arabie Saoudite et le Qatar sont venus se greffer au conflit.<\/p>\n<p>En tout ce sont pr\u00e8s de 5 ans de retard que le journaliste rattrape en l\u2019espace de quelques minutes !<\/p>\n<p><iframe width=\"560\" height=\"315\" src=\"https:\/\/www.youtube.com\/embed\/Tq6Y5VxFr7w\" frameborder=\"0\" allowfullscreen><\/iframe><\/p>\n<h2>10\u00e8me extrait: <strong>Calvi<\/strong> verse dans le complotisme !<\/h2>\n<p>Cet extrait de 7 minutes comprend un reportage sur la guerre contre l\u2019Etat Islamique, avec des focus sur les batailles de Raqqa, de Mossoul et de Palmyre. Et au sujet de cette derni\u00e8re ville deux points de vue sont expos\u00e9s dans le reportage : d\u2019un c\u00f4t\u00e9, \u00ab Si Bashar Al assad avait voulu livrer des armes \u00e0 l\u2019Etat Islamique il n\u2019aurait pu mieux s\u2019y prendre \u00bb. De son c\u00f4t\u00e9, \u00ab L\u2019Etat-major Russe fait porter la responsabilit\u00e9 de cette d\u00e9route aux Am\u00e9ricains. \u00bb Et le porte-parole du Minist\u00e8re russe de la d\u00e9fense de d\u00e9clarer : \u00ab A propos de la situation \u00e0 Palmyre l\u2019EI a pu red\u00e9ployer ses forces pour reprendre la ville car les Etats-Unis et la Coalition Internationale ont totalement suspendu leurs activit\u00e9s militaires contre eux \u00e0 Raqqa depuis le printemps dernier \u00bb!!!<\/p>\n<p>Les reporters n\u2019iront pas plus loin dans le reportage, mais pour <strong>Calvi<\/strong>, tout est clair comme de l\u2019eau de roche : \u00ab On s\u2019arr\u00eate sur la situation \u00e0 Palmyre, la phrase cl\u00e9 de ce reportage c\u2019est : \u00ab Si Bashar Al assad avait voulu livrer des armes \u00e0 l\u2019Etat Islamique il ne se s\u2019y serait pas pris autrement \u00bb, qu\u2019est-ce que vous en pensez ? \u00bb<\/p>\n<p><strong>Fr\u00e9d\u00e9ric Pons<\/strong> : \u00ab Ce qui compte c\u2019est que les colonnes islamistes sur ces terrains d\u00e9gag\u00e9s ont pu progresser (&#8230;) alors que la ma\u00eetrise du ciel par les avions et les drones est totalement sous le contr\u00f4le des am\u00e9ricains ou de la coalition internationale. Comment se fait-il que, comme en 2015 quand les Islamistes avaient d\u00e9j\u00e0 pris Palmyre, que leurs convois n\u2019aient pas \u00e9t\u00e9 d\u00e9tect\u00e9s, que l\u2019on ait laiss\u00e9 faire, il y a une grande interrogation et pour ma part je n\u2019ai pas la r\u00e9ponse. \u00bb (&#8230;)<\/p>\n<p>Quoi, qu&rsquo;entends-je ? Les am\u00e9ricains et la coalition internationale auraient donc une part de responsabilit\u00e9 dans la reprise de Palmyre ?<\/p>\n<p><strong>Yves Calvi<\/strong> : \u00ab On peut imaginer que certains r\u00eavent que l\u2019on retrouve Palmyre en ruine pour remobiliser contre les rebelles, et retourner encore une fois de plus l\u2019opinion ? Enfin je veux dire tout est possible&#8230; \u00bb<br \/>\n<strong>Fr\u00e9d\u00e9ric Pichon<\/strong> : \u00ab \u00c7a s\u2019appelle du complotisme \u00e7a ! \u00bb.<\/p>\n<p>Moment culte.<\/p>\n<p>L\u2019\u00e9mission se termine.<\/p>\n<p>Un grand merci aux invit\u00e9s, nos f\u00e9licitations \u00e0 Yves Calvi qui a invent\u00e9 l\u2019eau chaude en direct et pour notre plus grand bonheur.<\/p>\n<p><iframe width=\"560\" height=\"315\" src=\"https:\/\/www.youtube.com\/embed\/sj1gbA_Mn_k\" frameborder=\"0\" allowfullscreen><\/iframe><\/p>\n<h1>Une semaine apr\u00e8s&#8230; \u00ab roulage dans la farine et falsification compl\u00e8te de la r\u00e9alit\u00e9 \u00bb<\/h1>\n<p>Pourtant, il faudra encore une semaine pour qu\u2019 <strong>Yves Calvi<\/strong> d\u00e9couvre d\u00e9finitivement le pot aux roses, dans la m\u00eame \u00e9mission [27] mais en recevant cette fois le Directeur du Centre Fran\u00e7ais de Recherche sur le Renseignement, <strong>Eric Den\u00e9c\u00e9.<\/strong><\/p>\n<p><a href=\"http:\/\/saint-andre-d-olerargues.com\/wpdossier\/wp-content\/uploads\/2017\/01\/un-seau-deau-froide2.jpg\"><img loading=\"lazy\" src=\"http:\/\/saint-andre-d-olerargues.com\/wpdossier\/wp-content\/uploads\/2017\/01\/un-seau-deau-froide2.jpg\" alt=\"\" width=\"568\" height=\"315\" class=\"alignnone size-full wp-image-6024\" srcset=\"http:\/\/saint-andre-d-olerargues.com\/wpdossier\/wp-content\/uploads\/2017\/01\/un-seau-deau-froide2.jpg 568w, http:\/\/saint-andre-d-olerargues.com\/wpdossier\/wp-content\/uploads\/2017\/01\/un-seau-deau-froide2-300x166.jpg 300w, http:\/\/saint-andre-d-olerargues.com\/wpdossier\/wp-content\/uploads\/2017\/01\/un-seau-deau-froide2-216x120.jpg 216w\" sizes=\"(max-width: 568px) 100vw, 568px\" \/><\/a><\/p>\n<p>Apr\u00e8s lui avoir rappel\u00e9 le double jeu de notre alli\u00e9 l\u2019Arabie saoudite, qui combat le terrorisme tout en le finan\u00e7ant,<strong> Eric Den\u00e9c\u00e9 <\/strong>d\u00e9tricote la vision du monde de <strong>Calvi<\/strong>, non sans provoquer sa stupeur : \u00ab Vous comprenez que c\u2019est incompr\u00e9hensible pour la plupart de ceux qui nous \u00e9coutent, c\u2019est \u00e0 la fois \u00e9norme, monstrueux, contradictoire et difficile \u00e0 accepter \u00bb, s\u2019inqui\u00e8te-t-il.<\/p>\n<p>Et <strong>Den\u00e9c\u00e9<\/strong> de remuer le couteau dans la plaie : A Alep, \u00ab on est \u00e0 mon sens sur une falsification de l\u2019information qui est \u00e9norme \u00bb, explique l\u2019ancien officier et ex-professeur au coll\u00e8ge interarm\u00e9es, \u00ab La population fran\u00e7aise de plus en plus en prend conscience, m\u00eame si nos \u00e9lites et nos gouvernants restent bloqu\u00e9s. \u00bb<\/p>\n<p>\u00ab On se fait rouler dans la farine avec Alep ? \u00bb, s\u2019exclame alors <strong>Yves Calvi<\/strong> ! Et le sp\u00e9cialiste du renseignement de lui confirmer sobrement : \u00ab On se fait rouler dans la farine avec Alep \u00bb !<\/p>\n<p>Extrait :<\/p>\n<p><iframe width=\"560\" height=\"315\" src=\"https:\/\/www.youtube.com\/embed\/Q22XiBFrRfg\" frameborder=\"0\" allowfullscreen><\/iframe><\/p>\n<h1>Conclusion : la mort d\u2019un syst\u00e8me ?<\/h1>\n<p>Qu\u2019est ce qui est le plus triste dans toute cette histoire ? La nullit\u00e9 journalistique de nos \u00e9ditocrates ? [28] Comprendre qu\u2019ils sont sinc\u00e8res dans leur incompr\u00e9hension de la r\u00e9alit\u00e9 et en fait les premi\u00e8res victimes d\u2019un syst\u00e8me m\u00e9diatique dominant dont l\u2019efficacit\u00e9 repose justement sur cette capacit\u00e9 \u00e0 s\u2019auto-conforter dans le mensonge et la supercherie, trompant ainsi encore plus efficacement les autres ? Comment lutter face \u00e0 un monstre de cette nature ?<\/p>\n<p>Plus que jamais, la critique et la refonte de l\u2019espace m\u00e9diatique repr\u00e9sentent un combat politique et social central, n\u00e9cessaire, id\u00e9ologique dans la mesure o\u00f9 l\u2019information \u2013 qui m\u00e9rite une place de premier plan en tant que bien commun dans toute soci\u00e9t\u00e9 d\u00e9mocratique &#8211; ne peut \u00eatre consid\u00e9r\u00e9e comme une simple marchandise aux mains du priv\u00e9. \u00c9tant \u00e0 la base de ce qui devient notre vision du monde, les enjeux de l\u2019information sont bien trop importants pour qu\u2019on se permette de les traiter \u00e0 la l\u00e9g\u00e8re. Qui plus est pour un pays comme la France, membre du cercle restreint des grandes puissances de ce monde, si\u00e9geant au Conseil de S\u00e9curit\u00e9 de l\u2019ONU, d\u00e9tenteur de l\u2019arme atomique et d\u2019une force de projection militaire quasi-globale.<\/p>\n<h2>Aujourd\u2019hui pour la Syrie, et demain, pour quel conflit serons-nous \u00ab roul\u00e9s dans la farine \u00bb ?<\/h2>\n<p>Alors que nous entrons officiellement dans l\u2019\u00e8re de la poste-v\u00e9rit\u00e9 \u2013 dans laquelle les faits comptent moins que l\u2019\u00e9motion \u2019aliment\u00e9e par la mont\u00e9e en puissance des r\u00e9seaux sociaux en tant que source d\u2019information et la m\u00e9fiance croissante vis-\u00e0-vis des faits pr\u00e9sent\u00e9s par l\u2019establishment\u2019 [29] &#8211; et que les \u00ab fake news \u00bb affolent de plus en plus ordre \u00e9tabli [30], la remise en question et l\u2019autocritique des m\u00e9dias dominants est tout aussi path\u00e9tique [31] qu\u2019effrayante : d\u00e9non\u00e7ant la paille dans l\u2019\u0153il du voisin sans voir la fiole contenant de l\u2019anthrax dans le sien, le syst\u00e8me oublie facilement qu\u2019il a \u00e9t\u00e9 le vecteur d\u2019intoxications massives ayant provoqu\u00e9 des millions de morts. [32] Il en porte historiquement le fardeau, et le sang.<br \/>\n<a href=\"http:\/\/saint-andre-d-olerargues.com\/wpdossier\/wp-content\/uploads\/2017\/01\/un-seau-deau-froide3.jpg\"><img loading=\"lazy\" src=\"http:\/\/saint-andre-d-olerargues.com\/wpdossier\/wp-content\/uploads\/2017\/01\/un-seau-deau-froide3.jpg\" alt=\"\" width=\"600\" height=\"337\" class=\"alignnone size-full wp-image-6025\" srcset=\"http:\/\/saint-andre-d-olerargues.com\/wpdossier\/wp-content\/uploads\/2017\/01\/un-seau-deau-froide3.jpg 600w, http:\/\/saint-andre-d-olerargues.com\/wpdossier\/wp-content\/uploads\/2017\/01\/un-seau-deau-froide3-300x169.jpg 300w, http:\/\/saint-andre-d-olerargues.com\/wpdossier\/wp-content\/uploads\/2017\/01\/un-seau-deau-froide3-214x120.jpg 214w\" sizes=\"(max-width: 600px) 100vw, 600px\" \/><\/a><br \/>\nLe 5 f\u00e9vrier 2003, le secr\u00e9taire d\u2019Etat am\u00e9ricain Colin Powell brandit \u00e0 la tribune de l\u2019ONU une fiole cens\u00e9e contenir de l\u2019anthrax, une preuve, selon lui, que le r\u00e9gime de Saddam Hussein d\u00e9tient des armes de destructions massives, argument qui servira \u00e0 lancer une guerre internationale contre l\u2019Irak. Il reconna\u00eetra quelques ann\u00e9es plus tard avoir menti!!!<\/p>\n<p>Comme le rappelle le journaliste <strong>Pierre Rimbert<\/strong>, l\u2019hypocrisie du syst\u00e8me m\u00e9diatique n\u2019a pas de limites :<\/p>\n<blockquote><p>\u00ab C\u2019est entendu : avant l\u2019entr\u00e9e en campagne de M. Trump, la d\u00e9mocratie et la v\u00e9rit\u00e9 triomphaient. Certes, les m\u00e9dias vivaient gr\u00e2ce \u00e0 la publicit\u00e9 qui promet le bien-\u00eatre aux buveurs de Coca-Cola, et relayaient les \u00ab actualit\u00e9s \u00bb fabriqu\u00e9es par des agences de communication. Mais les \u00ab fausses nouvelles \u00bb s\u2019appelaient \u00ab informations \u00bb, puisqu\u2019elles \u00e9taient publi\u00e9es de bonne foi par des journalistes professionnels.<br \/>\nCeux qui trompaient la Terre enti\u00e8re en d\u00e9cembre 1989 avec les faux charniers de Timi\u015foara, en Roumanie ; ceux qui diffusaient sans v\u00e9rification, en octobre 1990, la fable des soldats irakiens d\u00e9truisant des couveuses \u00e0 la maternit\u00e9 de Kowe\u00eft afin de pr\u00e9parer l\u2019opinion \u00e0 une intervention militaire ; ceux qui r\u00e9v\u00e9laient \u00e0 la \u00ab une \u00bb du Monde (8 et 10 avril 1999) le plan \u00ab Fer \u00e0 cheval \u00bb maniganc\u00e9 par les Serbes pour liquider les Kosovars \u2014 une invention des services secrets allemands destin\u00e9e \u00e0 l\u00e9gitimer les bombardements sur Belgrade. Sans oublier les \u00e9minences du New York Times, du Washington Post ou du Wall Street Journal qui relay\u00e8rent en 2003 les preuves imaginaires de la pr\u00e9sence d\u2019armes de destruction massive en Irak pour ouvrir la voie \u00e0 la guerre. \u00bb [33]<\/blockquote>\n<p>Et peu \u00e0 peu, ann\u00e9e apr\u00e8s ann\u00e9e, c\u2019est le nombre de citoyens perdant totalement la confiance en ces \u00e9ditocrates qui va en augmentant. Mais comment pourrait-il en \u00eatre autrement ? Et certains observateurs avis\u00e9s d\u2019annoncer :<\/p>\n<blockquote><p>\u00ab Un syst\u00e8me qui, le lendemain de l\u2019\u00e9lection de Donald Trump, fait commenter l\u2019\u00e9v\u00e9nement par Christine Ockrent \u2013 sur France Culture\u2026 \u2013 et le surlendemain par BHL interview\u00e9 par Aphatie, n\u2019est pas seulement aussi absurde qu\u2019un probl\u00e8me qui voudrait donner des solutions : c\u2019est un syst\u00e8me mort. \u00bb [34]<\/p><\/blockquote>\n<p>Alors, s\u2019il est vraiment mort, puisqu\u2019il appara\u00eet clairement que \u00ab les le\u00e7ons des erreurs pass\u00e9es \u00bb n\u2019ont toujours pas \u00e9t\u00e9 tir\u00e9es [35], fatalement surgit le besoin pressant de se poser la question : qu\u2019attend-t-on pour refermer le cercueil ?<\/p>\n<h1>Notes<\/h2>\n<p> [24] Au sujet des \u00e9ditocrates, voir Les \u00e9ditocrates ou les prescripteurs d\u2019opinion, ACRIMED, 02\/12\/2016 &#8211; <a href=\"http:\/\/www.acrimed.org\/Jeudi-d-Acrimed-Les-editocrates-ou-les-prescripteurs-d-opinion-10-decembre\">http:\/\/www.acrimed.org\/Jeudi-d-Acrimed-Les-editocrates-ou-les-prescripteurs-d-opinion-10-decembre<\/a> et La meute des \u00e9ditocrates, Henri Maler (ACRIMED), 06\/12\/2016 &#8211; <a href=\"http:\/\/www.acrimed.org\/La-meute-des-editocrates\">http:\/\/www.acrimed.org\/La-meute-des-editocrates<\/a>.<\/p>\n<p>[25] 24 heures en Question &#8211; Alep : seule au monde, LCI (15\/12\/2016) &#8211; <a href=\"http:\/\/www.lci.fr\/replay\/replay-24-heures-en-questions-du-15-decembre-2016-alep-seule-au-monde-2017629.html.\">http:\/\/www.lci.fr\/replay\/replay-24-heures-en-questions-du-15-decembre-2016-alep-seule-au-monde-2017629.html.<\/a><\/p>\n<p>[26] L\u2019image est tir\u00e9e de l\u2019article M\u00e9dias et Information : il est temps de tourner la page, Viktor Dedaj (Le Grand Soir), juillet 2012 \u2013 <a href=\"https:\/\/www.legrandsoir.info\/medias-et-information-il-est-temps-de-tourner-la-page.html\">https:\/\/www.legrandsoir.info\/medias-et-information-il-est-temps-de-tourner-la-page.html<\/a>, dont nous ne pouvons que recommander tr\u00e8s fortement la lecture salutaire.<\/p>\n<p>[27] 24 Heures en Questions &#8211; L\u2019invit\u00e9 , LCI (21\/12\/2016) &#8211; <a href=\"http:\/\/www.lci.fr\/politique\/eric-denece-etait-l-invite-de-yves-calvi-2018520.html\">http:\/\/www.lci.fr\/politique\/eric-denece-etait-l-invite-de-yves-calvi-2018520.html<\/a>.<\/p>\n<p>[28] Voir Critique des m\u00e9dias, vingt ans apr\u00e8s, Pierre Rimbert, Le Monde Diplomatique, d\u00e9cembre 2016 &#8211; <a href=\"http:\/\/www.monde-diplomatique.fr\/2016\/12\/RIMBERT\/56929\">http:\/\/www.monde-diplomatique.fr\/2016\/12\/RIMBERT\/56929<\/a>.<\/p>\n<p>[29] Voir \u2019Post-v\u00e9rit\u00e9\u2019, le mot de l\u2019ann\u00e9e selon le dictionnaire Oxford, AFP (16\/11\/2016) &#8211; <a href=\"http:\/\/www.lepoint.fr\/culture\/post-verite-le-mot-de-l-annee-selon-le-dictionnaire-oxford-16-11-2016-2083387_3.php\">http:\/\/www.lepoint.fr\/culture\/post-verite-le-mot-de-l-annee-selon-le-dictionnaire-oxford-16-11-2016-2083387_3.php<\/a><\/p>\n<p>[30] Le d\u00e9bat suscit\u00e9 par les fakes news ouvre la porte \u00e0 une nouvelle \u00e8re extr\u00eamement trouble pour nos soci\u00e9t\u00e9s, avec des rem\u00e8des qui pourraient se r\u00e9v\u00e9ler bien pires que les maux originels. En effet, le spectre du Big Brother de 1984, de George Orwell, prend une forme de plus en plus claire dans nos vies, mais avan\u00e7ant \u00e0 pas feutr\u00e9s, il s\u2019installe comme une \u00e9vidence dans le paysage de nos d\u00e9mocraties. Quelques articles pour approfondir sur ces sujets, d\u2019extr\u00eame importance \u00e0 nos yeux : Critiqu\u00e9s apr\u00e8s l\u2019\u00e9lection am\u00e9ricaine, Google et Facebook s\u2019attaquent aux faux sites d\u2019informations, France Info avec AFP (16\/11\/2016) &#8211; <a href=\"http:\/\/www.francetvinfo.fr\/monde\/usa\/presidentielle\/donald-trump\/critiques-apres-l-election-americaine-google-et-facebook-s-attaquent-aux-faux-sites-d-informations_1923211.html\">http:\/\/www.francetvinfo.fr\/monde\/usa\/presidentielle\/donald-trump\/critiques-apres-l-election-americaine-google-et-facebook-s-attaquent-aux-faux-sites-d-informations_1923211.html <\/a>; Google and Facebook Take Aim at Fake News Sites, New York Times (14\/11\/2016) &#8211; <a href=\"http:\/\/www.nytimes.com\/2016\/11\/15\/technology\/google-will-ban-websites-that-host-fake-news-from-using-its-ad-service.html\">http:\/\/www.nytimes.com\/2016\/11\/15\/technology\/google-will-ban-websites-that-host-fake-news-from-using-its-ad-service.html <\/a>; How to spot lies, \u2019fake news\u2019 and propaganda, AP (16\/12\/2016) &#8211; <a href=\"https:\/\/apnews.com\/fa3938645328428ea0487290679bca5c\/How-to-spot-lies,-\u2019fake-news\u2019-and-propaganda\">https:\/\/apnews.com\/fa3938645328428ea0487290679bca5c\/How-to-spot-lies,-\u2019fake-news\u2019-and-propaganda <\/a>; Guerre de l\u2019information : Facebook accepte de confier le contr\u00f4le de ses contenus \u00e0 des tiers, RT en fran\u00e7ais (16\/11\/2016) &#8211; <a href=\"https:\/\/francais.rt.com\/international\/30749-guerre-information-facebook-controle\">https:\/\/francais.rt.com\/international\/30749-guerre-information-facebook-controle<\/a> ; Facebook, Twitter&#8230; La douane am\u00e9ricaine invite les touristes \u00e0 d\u00e9clarer leurs comptes, Le Figaro (28\/12\/2016) &#8211; <a href=\"http:\/\/premium.lefigaro.fr\/international\/2016\/12\/27\/01003-20161227ARTFIG00136-facebook-twitter-la-douane-americaine-invite-les-touristes-a-declarer-leurs-comptes.php\">http:\/\/premium.lefigaro.fr\/international\/2016\/12\/27\/01003-20161227ARTFIG00136-facebook-twitter-la-douane-americaine-invite-les-touristes-a-declarer-leurs-comptes.php<\/a>.<\/p>\n<p>[31] Pour l\u2019establishment \u00ab les gens vont devoir commencer \u00e0 traiter les contenus num\u00e9riques avec plus de scepticisme \u00bb, sans pour autant remettre en question les contenus diffus\u00e9s par les m\u00e9dias dominants, ou le fait que celui-ci participe aussi \u00e0 la \u00ab mal-information \u00bb. Voir Post-v\u00e9rit\u00e9 : \u00ab Les gens vont devoir commencer \u00e0 traiter les contenus num\u00e9riques avec plus de scepticisme \u00bb, Tolly Tailor, Lib\u00e9ration (28\/12\/2016) &#8211; <a href=\"http:\/\/www.liberation.fr\/planete\/2016\/12\/28\/post-verite-les-gens-vont-devoir-commencer-a-traiter-les-contenus-numeriques-avec-plus-de-scepticism_1537867\">http:\/\/www.liberation.fr\/planete\/2016\/12\/28\/post-verite-les-gens-vont-devoir-commencer-a-traiter-les-contenus-numeriques-avec-plus-de-scepticism_1537867<\/a>. De son c\u00f4t\u00e9, Le Monde oublie de montrer du doigt la part de faute revenant aux m\u00e9dias, mettant sur un pied d\u2019\u00e9galit\u00e9 journalistes et lecteurs\/citoyens. Tous sur le m\u00eame bateau, oui, mais qui tient la barre ? Voir Les risques de la soci\u00e9t\u00e9 \u00ab post-v\u00e9rit\u00e9 \u00bb, \u00e9ditorial du Monde (02\/01\/17) \u2013 <a href=\"http:\/\/abonnes.lemonde.fr\/idees\/article\/2017\/01\/02\/les-risques-de-la-societe-post-verite_5056533_3232.html\">http:\/\/abonnes.lemonde.fr\/idees\/article\/2017\/01\/02\/les-risques-de-la-societe-post-verite_5056533_3232.html<\/a>.<\/p>\n<p>[32] Voir Mensonges d\u2019Etat, Ignacio Ramonet, Le Monde Diplomatique (juillet 2003) &#8211;<a href=\"http:\/\/www.monde-diplomatique.fr\/2003\/07\/RAMONET\/10193\"> http:\/\/www.monde-diplomatique.fr\/2003\/07\/RAMONET\/10193<\/a>.<\/p>\n<p>[33] Voir Les chauffards du bobard, Pierre Rimbert, Le Monde Diplomatique (janvier 2017) &#8211; <a href=\"http:\/\/www.monde-diplomatique.fr\/2017\/01\/RIMBERT\/56980\">http:\/\/www.monde-diplomatique.fr\/2017\/01\/RIMBERT\/56980<\/a>.<\/p>\n<p>[34] Politique post-v\u00e9rit\u00e9 ou journalisme post-politique ?, Fr\u00e9d\u00e9rique Lordon, Blog du Monde Diplomatique (22\/11\/2016) \u2013 <a href=\"http:\/\/blog.mondediplo.net\/2016-11-22-Politique-post-verite-ou-journalisme-post\">http:\/\/blog.mondediplo.net\/2016-11-22-Politique-post-verite-ou-journalisme-post<\/a>.<\/p>\n<p>[35] \u00ab \u2019Traitement exemplaire\u2019 et \u2019On a tir\u00e9 toutes les le\u00e7ons de nos erreurs pass\u00e9es\u2019 constituent les formules sous lesquelles les m\u00e9dias travestissent leur travail en temps de guerre. (&#8230;) Exemples \u00e0 l\u2019appui, ce livre rappelle comment les m\u00e9dias ont broy\u00e9 l\u2019information du public tout au long des quinze derni\u00e8res ann\u00e9es &#8211; et continuent de le faire. Ce qu\u2019il d\u00e9crit, loin de constituer une collection d\u2019exceptions, est devenu la r\u00e8gle ; pas un d\u00e9rapage, la norme. \u00bb Quatri\u00e8me de couverture de l\u2019ouvrage L\u2019opinion \u00e7a se travaille &#8230; les m\u00e9dias et les guerres justes, Serge Halimi et Dominique Vidal avec Henri Maler. Voir (Re)lire : \u00ab L\u2019opinion, \u00e7a se travaille \u00bb, ACRIMED (16\/10\/2013) \u2013 <a href=\"http:\/\/www.acrimed.org\/Re-lire-L-opinion-ca-se-travaille-Les-medias-et-les-guerres-justes\">http:\/\/www.acrimed.org\/Re-lire-L-opinion-ca-se-travaille-Les-medias-et-les-guerres-justes<\/a>.<\/p>\n","protected":false},"excerpt":{"rendered":"<p>Source : Luis Alberto Reygada &#8211; Le Grand Soir. A lire et relire et diffuser largement ! Ho ! My God ! Dit-il ! Moments choisis d\u2019une \u00e9mission qui restera dans les m\u00e9moires, du moins nous l\u2019esp\u00e9rons dans celle d\u2019Yves Calvi qui aura peut-\u00eatre compris pourquoi tant de citoyens se montrent de plus en plus d\u00e9fiants face aux m\u00e9dias. [ \u2026 ] Alors qu\u2019en g\u00e9n\u00e9ral les voix dissonantes sont noy\u00e9es dans le flot du discours dominant, il arrive parfois \u2013et m\u00eame assez rarement pour le souligner, c\u2019est le but de cet article- que les arguments allant \u00e0 contre-courant du r\u00e9cit officiel soient \u00e0 ce point aveuglants que m\u00eame le plus docile des chiens de garde, le plus infaillible des \u00e9ditocrates [24], le plus exp\u00e9riment\u00e9 des journalistes de plateau-t\u00e9l\u00e9, se voit oblig\u00e9 \u2013 oh crime absolu &#8211; de se remettre en question. Ou plut\u00f4t de remettre en question la version des choses auquel il avait \u00e9t\u00e9 soumis et dont il avait particip\u00e9 \u00e0 la diffusion \u00e0 grande \u00e9chelle. Stup\u00e9faction d\u00e9concert\u00e9e, ahurissement et s\u00fbrement quelques gouttes de sueur, c\u2019est le tr\u00e8s jouissif spectacle que nous a offert Yves Calvi durant son \u00e9mission 24 heures en Question diffus\u00e9e en direct sur la cha\u00eene [&hellip;]<\/p>\n","protected":false},"author":1,"featured_media":0,"comment_status":"open","ping_status":"open","sticky":false,"template":"","format":"standard","meta":[],"categories":[21],"tags":[],"_links":{"self":[{"href":"http:\/\/saint-andre-d-olerargues.com\/wpdossier\/wp-json\/wp\/v2\/posts\/6022"}],"collection":[{"href":"http:\/\/saint-andre-d-olerargues.com\/wpdossier\/wp-json\/wp\/v2\/posts"}],"about":[{"href":"http:\/\/saint-andre-d-olerargues.com\/wpdossier\/wp-json\/wp\/v2\/types\/post"}],"author":[{"embeddable":true,"href":"http:\/\/saint-andre-d-olerargues.com\/wpdossier\/wp-json\/wp\/v2\/users\/1"}],"replies":[{"embeddable":true,"href":"http:\/\/saint-andre-d-olerargues.com\/wpdossier\/wp-json\/wp\/v2\/comments?post=6022"}],"version-history":[{"count":3,"href":"http:\/\/saint-andre-d-olerargues.com\/wpdossier\/wp-json\/wp\/v2\/posts\/6022\/revisions"}],"predecessor-version":[{"id":6028,"href":"http:\/\/saint-andre-d-olerargues.com\/wpdossier\/wp-json\/wp\/v2\/posts\/6022\/revisions\/6028"}],"wp:attachment":[{"href":"http:\/\/saint-andre-d-olerargues.com\/wpdossier\/wp-json\/wp\/v2\/media?parent=6022"}],"wp:term":[{"taxonomy":"category","embeddable":true,"href":"http:\/\/saint-andre-d-olerargues.com\/wpdossier\/wp-json\/wp\/v2\/categories?post=6022"},{"taxonomy":"post_tag","embeddable":true,"href":"http:\/\/saint-andre-d-olerargues.com\/wpdossier\/wp-json\/wp\/v2\/tags?post=6022"}],"curies":[{"name":"wp","href":"https:\/\/api.w.org\/{rel}","templated":true}]}}