{"id":6209,"date":"2017-02-26T16:17:25","date_gmt":"2017-02-26T15:17:25","guid":{"rendered":"http:\/\/saint-andre-d-olerargues.com\/wpdossier\/?p=6209"},"modified":"2017-02-26T16:17:25","modified_gmt":"2017-02-26T15:17:25","slug":"le-festival-femmes-du-monde-a-bagnolsceze","status":"publish","type":"post","link":"http:\/\/saint-andre-d-olerargues.com\/wpdossier\/blog\/2017\/02\/26\/le-festival-femmes-du-monde-a-bagnolsceze\/","title":{"rendered":"Le Festival Femmes du Monde \u00e0 Bagnols\/c\u00e9ze"},"content":{"rendered":"<h1>Le Festival Femmes du Monde \u00e0 Bagnols\/c\u00e9ze<\/h1>\n<p>La 12\u00e8me \u00e9dition du Festival Femmes du Monde a ouvert ses portes \u00e0 Bagnols\/C\u00e8ze ce lundi 23 f\u00e9vrier 2015 ! L&rsquo;\u00e9quipe vous a concoct\u00e9 une belle programmation jusqu&rsquo;au mois de Mars.<br \/>\nLes grandes dates \u00e0 retenir :<\/p>\n<h2>EXPOSITION \u2013 <\/h2>\n<p>Cinq artistes d\u00e9clinent la f\u00e9minit\u00e9 et le monde \u00e0 travers leurs \u0153uvres.<br \/>\nDu lundi 23 f\u00e9vrier au samedi 27 f\u00e9vrier au Centre d&rsquo;Art Rhodanien Saint-Maur.<\/p>\n<h2>RENCONTRE \u2013 <\/h2>\n<p>Avec Soad Baba A\u00efssa du R\u00e9seau Education Populaire et de Femmes Solidaires, autour du th\u00e8me \u00ab\u00a0Citoyennet\u00e9 et La\u00efcit\u00e9\u00a0\u00bb.<br \/>\nMercredi 4 mars de 9h30 \u00e0 11h30 \u00e0 la Maison des Alternatives Solidaires et \u00e0 20h au Centre Culturel L\u00e9o Lagrange. (Bagnols\/C\u00e8ze)<\/p>\n<h2>CINEMA \u2013 <\/h2>\n<p>\u00ab\u00a0Les Merveilles\u00a0\u00bb, film italien d&rsquo;Alice Rohrwacher, 2015.<br \/>\nDu 4 au 8 mars au Cin\u00e9 102 de Pont Saint Esprit.<br \/>\nConsultez Australian gambling list et gagnez de l&rsquo;argent r\u00e9el! <\/p>\n<h2>SPECTACLES \u2013 <\/h2>\n<p>Iris Music Live, musiques et chants traditionnels irlandais.<br \/>\nEt \u00ab\u00a0Les sensibilit\u00e9s d&rsquo;Agathe\u00a0\u00bb, spectacle de mime-tragico-po\u00e9tique par la Cie Agate Armoise et Salamandre.<br \/>\nSamedi 7 mars \u00e0 partir de 20h30 \u00e0 La Sc\u00e8ne &#8211; Chapelle des P\u00e9nitents (Pont Saint Esprit).<\/p>\n<h2>CONFERENCE \u2013 <\/h2>\n<p><strong>F\u00e9minisme et la\u00efcit\u00e9 le 8 mars 2017 \u00e0 20h,<\/strong><br \/>\nAvec Nadia Geerts &#8211; Salle de la Pyramide (Centre Culturel L\u00e9o Lagrange)<br \/>\nPlace Flora Tristan, Bagnols sur C\u00e8ze, dans le cadre de la quinzaine Femmes du Monde,<br \/>\nconf\u00e9rence organis\u00e9e par Attac Gard Rhodanien et UFAL, entr\u00e9e libre.<br \/>\n<a href=\"http:\/\/saint-andre-d-olerargues.com\/wpdossier\/wp-content\/uploads\/2017\/02\/Nadia-Geerts.jpg\"><img loading=\"lazy\" src=\"http:\/\/saint-andre-d-olerargues.com\/wpdossier\/wp-content\/uploads\/2017\/02\/Nadia-Geerts.jpg\" alt=\"\" width=\"281\" height=\"421\" class=\"alignnone size-full wp-image-6210\" srcset=\"http:\/\/saint-andre-d-olerargues.com\/wpdossier\/wp-content\/uploads\/2017\/02\/Nadia-Geerts.jpg 281w, http:\/\/saint-andre-d-olerargues.com\/wpdossier\/wp-content\/uploads\/2017\/02\/Nadia-Geerts-200x300.jpg 200w, http:\/\/saint-andre-d-olerargues.com\/wpdossier\/wp-content\/uploads\/2017\/02\/Nadia-Geerts-80x120.jpg 80w\" sizes=\"(max-width: 281px) 100vw, 281px\" \/><\/a><br \/>\nNadia Geerts, agr\u00e9g\u00e9e de philosophie, enseigne \u00e0 la Haute \u00e9cole de Bruxelles ; initiatrice du r\u00e9seau R.A.P.P.E.L (pour la promotion d\u2019un \u00e9tat la\u00efque), elle a aussi \u00e9crit de nombreux livres dont \u00ab  Fichu voile \u00bb, \u00ab Je pense donc je dis ? La libert\u00e9 d\u2019expression \u00e0 l\u2019usage des jeunes  \u00bb co-\u00e9crit avec Sam Touzani, et \u00ab Dis, c\u2019est quoi le f\u00e9minisme?\u00bb\u2026<br \/>\n<em>\u00ab La la\u00efcit\u00e9 est une chance pour les femmes ou plus exactement pour l\u2019\u00e9galit\u00e9 entre les hommes et les femmes &#8230;<br \/>\nToute rupture avec les principes fondamentaux de la la\u00efcit\u00e9 se traduit imm\u00e9diatement par un recul des acquis du f\u00e9minisme\u2026.<br \/>\nIl s\u2019agit d\u2019affirmer qu\u2019avant d\u2019\u00eatre une femme \u2013ou un homme- on est un \u00eatre humain. \u00bb<br \/>\n<\/em><\/p>\n","protected":false},"excerpt":{"rendered":"<p>Le Festival Femmes du Monde \u00e0 Bagnols\/c\u00e9ze La 12\u00e8me \u00e9dition du Festival Femmes du Monde a ouvert ses portes \u00e0 Bagnols\/C\u00e8ze ce lundi 23 f\u00e9vrier 2015 ! L&rsquo;\u00e9quipe vous a concoct\u00e9 une belle programmation jusqu&rsquo;au mois de Mars. Les grandes dates \u00e0 retenir : EXPOSITION \u2013 Cinq artistes d\u00e9clinent la f\u00e9minit\u00e9 et le monde \u00e0 travers leurs \u0153uvres. Du lundi 23 f\u00e9vrier au samedi 27 f\u00e9vrier au Centre d&rsquo;Art Rhodanien Saint-Maur. RENCONTRE \u2013 Avec Soad Baba A\u00efssa du R\u00e9seau Education Populaire et de Femmes Solidaires, autour du th\u00e8me \u00ab\u00a0Citoyennet\u00e9 et La\u00efcit\u00e9\u00a0\u00bb. Mercredi 4 mars de 9h30 \u00e0 11h30 \u00e0 la Maison des Alternatives Solidaires et \u00e0 20h au Centre Culturel L\u00e9o Lagrange. (Bagnols\/C\u00e8ze) CINEMA \u2013 \u00ab\u00a0Les Merveilles\u00a0\u00bb, film italien d&rsquo;Alice Rohrwacher, 2015. Du 4 au 8 mars au Cin\u00e9 102 de Pont Saint Esprit. Consultez Australian gambling list et gagnez de l&rsquo;argent r\u00e9el! SPECTACLES \u2013 Iris Music Live, musiques et chants traditionnels irlandais. Et \u00ab\u00a0Les sensibilit\u00e9s d&rsquo;Agathe\u00a0\u00bb, spectacle de mime-tragico-po\u00e9tique par la Cie Agate Armoise et Salamandre. Samedi 7 mars \u00e0 partir de 20h30 \u00e0 La Sc\u00e8ne &#8211; Chapelle des P\u00e9nitents (Pont Saint Esprit). CONFERENCE \u2013 F\u00e9minisme et la\u00efcit\u00e9 le 8 mars 2017 \u00e0 20h, Avec Nadia Geerts &#8211; Salle [&hellip;]<\/p>\n","protected":false},"author":1,"featured_media":0,"comment_status":"open","ping_status":"open","sticky":false,"template":"","format":"standard","meta":[],"categories":[13],"tags":[],"_links":{"self":[{"href":"http:\/\/saint-andre-d-olerargues.com\/wpdossier\/wp-json\/wp\/v2\/posts\/6209"}],"collection":[{"href":"http:\/\/saint-andre-d-olerargues.com\/wpdossier\/wp-json\/wp\/v2\/posts"}],"about":[{"href":"http:\/\/saint-andre-d-olerargues.com\/wpdossier\/wp-json\/wp\/v2\/types\/post"}],"author":[{"embeddable":true,"href":"http:\/\/saint-andre-d-olerargues.com\/wpdossier\/wp-json\/wp\/v2\/users\/1"}],"replies":[{"embeddable":true,"href":"http:\/\/saint-andre-d-olerargues.com\/wpdossier\/wp-json\/wp\/v2\/comments?post=6209"}],"version-history":[{"count":3,"href":"http:\/\/saint-andre-d-olerargues.com\/wpdossier\/wp-json\/wp\/v2\/posts\/6209\/revisions"}],"predecessor-version":[{"id":6269,"href":"http:\/\/saint-andre-d-olerargues.com\/wpdossier\/wp-json\/wp\/v2\/posts\/6209\/revisions\/6269"}],"wp:attachment":[{"href":"http:\/\/saint-andre-d-olerargues.com\/wpdossier\/wp-json\/wp\/v2\/media?parent=6209"}],"wp:term":[{"taxonomy":"category","embeddable":true,"href":"http:\/\/saint-andre-d-olerargues.com\/wpdossier\/wp-json\/wp\/v2\/categories?post=6209"},{"taxonomy":"post_tag","embeddable":true,"href":"http:\/\/saint-andre-d-olerargues.com\/wpdossier\/wp-json\/wp\/v2\/tags?post=6209"}],"curies":[{"name":"wp","href":"https:\/\/api.w.org\/{rel}","templated":true}]}}