{"id":6222,"date":"2017-03-07T05:19:14","date_gmt":"2017-03-07T04:19:14","guid":{"rendered":"http:\/\/saint-andre-d-olerargues.com\/wpdossier\/?p=6222"},"modified":"2017-03-07T05:19:14","modified_gmt":"2017-03-07T04:19:14","slug":"propos-de-femme-sur-les-affaires-fillon","status":"publish","type":"post","link":"http:\/\/saint-andre-d-olerargues.com\/wpdossier\/blog\/2017\/03\/07\/propos-de-femme-sur-les-affaires-fillon\/","title":{"rendered":"Propos de femme sur LES affaires Fillon"},"content":{"rendered":"<p><a href=\"http:\/\/saint-andre-d-olerargues.com\/wpdossier\/wp-content\/uploads\/2017\/03\/propos-de-femme.jpg\"><img loading=\"lazy\" src=\"http:\/\/saint-andre-d-olerargues.com\/wpdossier\/wp-content\/uploads\/2017\/03\/propos-de-femme.jpg\" alt=\"\" width=\"376\" height=\"250\" class=\"alignnone size-full wp-image-6223\" srcset=\"http:\/\/saint-andre-d-olerargues.com\/wpdossier\/wp-content\/uploads\/2017\/03\/propos-de-femme.jpg 376w, http:\/\/saint-andre-d-olerargues.com\/wpdossier\/wp-content\/uploads\/2017\/03\/propos-de-femme-300x199.jpg 300w, http:\/\/saint-andre-d-olerargues.com\/wpdossier\/wp-content\/uploads\/2017\/03\/propos-de-femme-180x120.jpg 180w\" sizes=\"(max-width: 376px) 100vw, 376px\" \/><\/a><br \/>\nEva Joly.<\/p>\n<p>Source : Lor\u00e8ne Avocat pour Reporterre<\/p>\n<p>Englu\u00e9s dans les affaires, Fran\u00e7ois Fillon et Marine Le Pen r\u00e9pliquent en attaquant la justice. Tandis que la pr\u00e9sidente du FN explique que les magistrats sont l\u00e0 \u00ab pour appliquer la loi, pas pour l\u2019inventer \u00bb, le candidat de la droite affirme que, dans l\u2019enqu\u00eate qui le vise, \u00ab l\u2019\u00c9tat de droit a \u00e9t\u00e9 syst\u00e9matiquement viol\u00e9 \u00bb. Des affirmations dangereuses pour la d\u00e9mocratie, assure Eva Joly.<br \/>\nL\u2019ancienne magistrate Eva Joly a fait de la lutte contre la corruption et pour la moralisation de la vie publique son cheval de bataille. Celle qui fut candidate \u00e9cologiste \u00e0 l\u2019\u00e9lection pr\u00e9sidentielle de 2012 a aujourd\u2019hui rejoint Beno\u00eet Hamon. Elle est d\u00e9put\u00e9e europ\u00e9enne (Verts-ALE) depuis 2009.<\/p>\n<h2>Reporterre \u2014 Comment interpr\u00e9ter ces attaques virulentes de M. Fillon et Mme Le Pen contre l\u2019institution judiciaire ? <\/h2>\n<p><strong>Eva Joly <\/strong>\u2014 Ces discours sont une technique de d\u00e9fense qui ne comporte aucune v\u00e9rit\u00e9. De la pure rh\u00e9torique. Pour autant, ce sont des propos tr\u00e8s graves. Quand M. Fillon dit qu\u2019il n\u2019y a plus d\u2019\u00c9tat de droit, il proc\u00e8de \u00e0 une inversion des valeurs. Car une des qualit\u00e9s de la France, c\u2019est justement d\u2019avoir un syst\u00e8me judiciaire qui fonctionne, des magistrats comp\u00e9tents et non corrompus. Il s\u2019agit d\u2019une singularit\u00e9 rare, d\u2019un bijou. Il suffit de traverser la M\u00e9diterran\u00e9e ou de se rendre en Europe de l\u2019Est pour s\u2019en rendre compte !<br \/>\nUn \u00c9tat de droit, c\u2019est-\u00e0-dire un pays o\u00f9 chacun peut faire valoir ses droits, c\u2019est tr\u00e8s pr\u00e9cieux. Sans justice ind\u00e9pendante, pas de d\u00e9mocratie qui tienne debout. D\u00e9nigrer la justice, cr\u00e9er le doute sur le bon fonctionnement des institutions dans un but \u00e9go\u00efste et politicien, est indigne d\u2019un candidat aux plus hautes fonctions de la R\u00e9publique.<br \/>\nQuand M. Fillon parle d\u2019assassinat politique, il oublie que nombre de personnes sont tu\u00e9es pour leurs id\u00e9es partout dans le monde. La Su\u00e8de a vu son premier ministre assassin\u00e9, une d\u00e9put\u00e9e britannique europhile a \u00e9t\u00e9 abattue. En parlant ainsi, le candidat de la droite ne montre aucun respect pour la v\u00e9rit\u00e9 ni pour le droit. Il nie nos valeurs.<\/p>\n<h2>M. Fillon cherche \u00e0 se d\u00e9fendre&#8230;<\/h2>\n<p>Mais que vise-t-il avec son discours d\u00e9lirant ? Ce qu\u2019il veut, c\u2019est l\u2019impunit\u00e9, ce n\u2019est pas l\u2019\u00c9tat de droit. M. Fillon n\u2019appara\u00eet pas comme un homme de valeur, mais comme un homme \u00e9gocentrique. Il ne poursuit pas l\u2019int\u00e9r\u00eat du pays, mais uniquement son d\u00e9sir fou de devenir pr\u00e9sident de la R\u00e9publique.<\/p>\n<h2>Faites-vous une diff\u00e9rence entre la situation de Mme Le Pen et celle de M. Fillon ?<\/h2>\n<p>Oui, dans le cas de M. Fillon, il y a enrichissement personnel, familial. Alors qu\u2019avec Mme Le Pen, il s\u2019agit d\u2019un abus dans un int\u00e9r\u00eat politique. C\u2019est une grande diff\u00e9rence. Apr\u00e8s, les discours sont les m\u00eames : populistes et antir\u00e9publicains.<\/p>\n<h2>Avant, ce type de discours \u00e9manait principalement de l\u2019extr\u00eame-droite. S\u2019agit-il, d\u2019apr\u00e8s vous, d\u2019une \u00e9volution ? <\/h2>\n<p>Pour moi, la principale \u00e9volution, c\u2019est que le temps des privil\u00e8ges est r\u00e9volu. Avant, les hommes politiques b\u00e9n\u00e9ficiaient de nombreux privil\u00e8ges et d\u2019une relative impunit\u00e9. Il y a eu du m\u00e9nage, mais nombre de personnes dans la classe politique ne se rendent pas compte que les temps ont chang\u00e9. J\u2019entends beaucoup : tout le monde a toujours fait \u00e7a, alors pourquoi pas moi ?<br \/>\nNous avons de nouveaux instruments, comme un parquet financier beaucoup plus r\u00e9actif, et une Haute Autorit\u00e9 de la transparence de la vie publique, qui m\u00e8ne de vraies enqu\u00eates sur nos \u00e9lus. Et, bien s\u00fbr, des magistrats ind\u00e9pendants et comp\u00e9tents.<\/p>\n<h2>Mais cela n\u2019a pas suffi. Que faudrait-il faire encore ? <\/h2>\n<p>Il reste du m\u00e9nage \u00e0 faire du c\u00f4t\u00e9 des privil\u00e8ges : pourquoi les anciens pr\u00e9sidents de la R\u00e9publique ont-ils droit \u00e0 un bureau, des secr\u00e9taires et gardes du corps \u00e0 vie ? Tout cela rel\u00e8ve de l\u2019Ancien R\u00e9gime. Ensuite, il faut interdire le n\u00e9potisme, car il n\u2019est pas normal de pouvoir employer sa femme ou son mari. Il faudrait cr\u00e9er un statut pour les assistants parlementaires, comme c\u2019est le cas au Parlement europ\u00e9en.<br \/>\nEt puis, la moralisation de la vie publique passe par le non-cumul des mandats, une d\u00e9ontologie renforc\u00e9e pour les \u00e9lus, notamment sur la question des conflits d\u2019int\u00e9r\u00eats. Nous avons besoin d\u2019enqu\u00eates et de condamnations exemplaires, afin de mettre fin \u00e0 l\u2019impunit\u00e9 des politiques, notamment dans le domaine de la corruption et du d\u00e9tournement de fonds publics. Il faut restaurer la confiance avec les \u00e9lecteurs.<\/p>\n","protected":false},"excerpt":{"rendered":"<p>Eva Joly. Source : Lor\u00e8ne Avocat pour Reporterre Englu\u00e9s dans les affaires, Fran\u00e7ois Fillon et Marine Le Pen r\u00e9pliquent en attaquant la justice. Tandis que la pr\u00e9sidente du FN explique que les magistrats sont l\u00e0 \u00ab pour appliquer la loi, pas pour l\u2019inventer \u00bb, le candidat de la droite affirme que, dans l\u2019enqu\u00eate qui le vise, \u00ab l\u2019\u00c9tat de droit a \u00e9t\u00e9 syst\u00e9matiquement viol\u00e9 \u00bb. Des affirmations dangereuses pour la d\u00e9mocratie, assure Eva Joly. L\u2019ancienne magistrate Eva Joly a fait de la lutte contre la corruption et pour la moralisation de la vie publique son cheval de bataille. Celle qui fut candidate \u00e9cologiste \u00e0 l\u2019\u00e9lection pr\u00e9sidentielle de 2012 a aujourd\u2019hui rejoint Beno\u00eet Hamon. Elle est d\u00e9put\u00e9e europ\u00e9enne (Verts-ALE) depuis 2009. Reporterre \u2014 Comment interpr\u00e9ter ces attaques virulentes de M. Fillon et Mme Le Pen contre l\u2019institution judiciaire ? Eva Joly \u2014 Ces discours sont une technique de d\u00e9fense qui ne comporte aucune v\u00e9rit\u00e9. De la pure rh\u00e9torique. Pour autant, ce sont des propos tr\u00e8s graves. Quand M. Fillon dit qu\u2019il n\u2019y a plus d\u2019\u00c9tat de droit, il proc\u00e8de \u00e0 une inversion des valeurs. Car une des qualit\u00e9s de la France, c\u2019est justement d\u2019avoir un syst\u00e8me judiciaire qui fonctionne, des magistrats [&hellip;]<\/p>\n","protected":false},"author":1,"featured_media":0,"comment_status":"open","ping_status":"open","sticky":false,"template":"","format":"standard","meta":[],"categories":[21],"tags":[],"_links":{"self":[{"href":"http:\/\/saint-andre-d-olerargues.com\/wpdossier\/wp-json\/wp\/v2\/posts\/6222"}],"collection":[{"href":"http:\/\/saint-andre-d-olerargues.com\/wpdossier\/wp-json\/wp\/v2\/posts"}],"about":[{"href":"http:\/\/saint-andre-d-olerargues.com\/wpdossier\/wp-json\/wp\/v2\/types\/post"}],"author":[{"embeddable":true,"href":"http:\/\/saint-andre-d-olerargues.com\/wpdossier\/wp-json\/wp\/v2\/users\/1"}],"replies":[{"embeddable":true,"href":"http:\/\/saint-andre-d-olerargues.com\/wpdossier\/wp-json\/wp\/v2\/comments?post=6222"}],"version-history":[{"count":1,"href":"http:\/\/saint-andre-d-olerargues.com\/wpdossier\/wp-json\/wp\/v2\/posts\/6222\/revisions"}],"predecessor-version":[{"id":6224,"href":"http:\/\/saint-andre-d-olerargues.com\/wpdossier\/wp-json\/wp\/v2\/posts\/6222\/revisions\/6224"}],"wp:attachment":[{"href":"http:\/\/saint-andre-d-olerargues.com\/wpdossier\/wp-json\/wp\/v2\/media?parent=6222"}],"wp:term":[{"taxonomy":"category","embeddable":true,"href":"http:\/\/saint-andre-d-olerargues.com\/wpdossier\/wp-json\/wp\/v2\/categories?post=6222"},{"taxonomy":"post_tag","embeddable":true,"href":"http:\/\/saint-andre-d-olerargues.com\/wpdossier\/wp-json\/wp\/v2\/tags?post=6222"}],"curies":[{"name":"wp","href":"https:\/\/api.w.org\/{rel}","templated":true}]}}