{"id":6225,"date":"2017-03-07T05:40:45","date_gmt":"2017-03-07T04:40:45","guid":{"rendered":"http:\/\/saint-andre-d-olerargues.com\/wpdossier\/?p=6225"},"modified":"2017-03-07T05:40:45","modified_gmt":"2017-03-07T04:40:45","slug":"coup-de-gueule-de-j-attali","status":"publish","type":"post","link":"http:\/\/saint-andre-d-olerargues.com\/wpdossier\/blog\/2017\/03\/07\/coup-de-gueule-de-j-attali\/","title":{"rendered":"Coup de gueule de J. Attali"},"content":{"rendered":"<p><a href=\"http:\/\/saint-andre-d-olerargues.com\/wpdossier\/wp-content\/uploads\/2017\/03\/coup-de-gueule.jpg\"><img loading=\"lazy\" src=\"http:\/\/saint-andre-d-olerargues.com\/wpdossier\/wp-content\/uploads\/2017\/03\/coup-de-gueule.jpg\" alt=\"\" width=\"605\" height=\"387\" class=\"alignnone size-full wp-image-6226\" srcset=\"http:\/\/saint-andre-d-olerargues.com\/wpdossier\/wp-content\/uploads\/2017\/03\/coup-de-gueule.jpg 605w, http:\/\/saint-andre-d-olerargues.com\/wpdossier\/wp-content\/uploads\/2017\/03\/coup-de-gueule-300x192.jpg 300w, http:\/\/saint-andre-d-olerargues.com\/wpdossier\/wp-content\/uploads\/2017\/03\/coup-de-gueule-188x120.jpg 188w\" sizes=\"(max-width: 605px) 100vw, 605px\" \/><\/a><br \/>\nSource : http:\/\/blogs.lexpress.fr\/attali\/2017\/03\/06\/honte-a-vous\/<\/p>\n<p>\u00ab Ayant particip\u00e9 tr\u00e8s activement \u00e0 toutes les \u00e9lections pr\u00e9sidentielles fran\u00e7aises depuis quarante ans, je ne pensais jamais avoir \u00e0 assister \u00e0 une campagne aussi d\u00e9sastreuse que celle dans laquelle s\u2019enfonce aujourd\u2019hui notre pays. J\u2019en pleurerai de rage et de col\u00e8re. Et je sais que je suis loin d\u2019\u00eatre le seul.<\/p>\n<p>Cette lamentable com\u00e9die \u00e0 laquelle nous assistons n\u2019est pas que le produit des circonstances, qui semblent s\u2019acharner pour la rendre d\u00e9risoire. Elle est le r\u00e9sultat profond d\u2019un pourrissement du syst\u00e8me politique fran\u00e7ais, qui depuis 30 ans au moins, pr\u00e9f\u00e8re se complaire dans l\u2019inaction, les petites rivalit\u00e9s de personnes, les compromissions grandes ou petites ; les corruptions, ouvertes ou tacites.<br \/>\nDe cela, nous mourons.<\/p>\n<p>Les Fran\u00e7ais le sentent bien, qui, en majorit\u00e9, aimeraient pouvoir voter pour un autre candidat que tous ceux qui se pr\u00e9sentent aujourd\u2019hui, sans pouvoir le nommer. <\/p>\n<p>Ils aimeraient qu\u2019on leur propose un programme s\u00e9rieux, coh\u00e9rent, avec un calendrier rapide de mise en oeuvre. Ils aimeraient avoir des dirigeants honn\u00eates et d\u2019exp\u00e9rience.<br \/>\nIls savent bien que ce n\u2019est pas dans les path\u00e9tiques affrontements d\u2019\u00e9gos des candidats que se trouvent la solution de leurs probl\u00e8mes quotidiens ni surtout de ceux de leurs enfants.<br \/>\nIls comprennent bien que la plupart des hommes politiques n\u2019ont pas l\u2019amour du pays chevill\u00e9 au corps, mais l\u2019amour d\u2019eux-m\u00eames et des honneurs qu\u2019ils convoitent.<\/p>\n<p>Ils sentent bien que le pays s\u2019enfonce dans le n\u00e9ant de l\u2019inaction.<\/p>\n<p>D\u00e9j\u00e0, nous avons perdu des ann\u00e9es, vingt sans doute, sous l\u2019effet de la procrastination et de l\u2019insouciance de nos dirigeants politiques. Et aujourd\u2019hui, cela commence \u00e0 se faire sentir.<br \/>\nJamais, en tout cas depuis 1945, notre dette publique n\u2019a \u00e9t\u00e9 plus \u00e9lev\u00e9e. Jamais le ch\u00f4mage des jeunes n\u2019a \u00e9t\u00e9 plus durable.<br \/>\nJamais notre balance des paiements n\u2019a \u00e9t\u00e9 aussi d\u00e9ficitaire.<br \/>\nJamais autant d\u2019adolescents ne sont sortis du syst\u00e8me scolaire sans savoir lire, \u00e9crire et compter.<br \/>\nJamais nos h\u00f4pitaux, nos \u00e9coles n\u2019ont \u00e9t\u00e9 aussi surcharg\u00e9es, en manque de moyens.<br \/>\nJamais le progr\u00e8s technique n\u2019a exig\u00e9 autant de choix politiques.<br \/>\nJamais, aussi depuis 1945, l\u2019environnement \u00e9cologique et g\u00e9opolitique n\u2019ont \u00e9t\u00e9 aussi mena\u00e7ants.<\/p>\n<p>Devant cela, qu\u2019entendons-nous ? Rien.<\/p>\n<p>Et la campagne d\u2019aujourd\u2019hui ne peut avoir qu\u2019une seule signification : les hommes politiques savent qu\u2019ils n\u2019ont pas la r\u00e9ponse \u00e0 ces questions, qu\u2019ils n\u2019ont pas le caract\u00e8re ni les comp\u00e9tences pour affronter ces temp\u00eates, et ils ont pr\u00e9f\u00e9r\u00e9 mettre en sc\u00e8ne le d\u00e9sastreux spectacle de la comp\u00e9tition de leurs \u00e9gos, plut\u00f4t que de nous parler de ces sujets difficiles.<\/p>\n<p>Il n\u2019y a pas de r\u00e9ponses simples aux probl\u00e8mes de la France. <\/p>\n<p>Rien ne se fera sans effort. Tout suppose une analyse lucide, une conscience claire des positions de nos alli\u00e9s et de nos adversaires, un programme coh\u00e9rent, clair, complet, ambitieux, \u00e0 mettre en \u0153uvre imm\u00e9diatement.<br \/>\nUne int\u00e9grit\u00e9 sans faille, une capacit\u00e9 \u00e0 imposer des choix, face aux puissants du monde et \u00e0 leurs chantages, une exp\u00e9rience de l\u2019exercice du pouvoir en m\u00eame temps qu\u2019une capacit\u00e9 \u00e0 oser le neuf.<\/p>\n<p>Nos dirigeants politiques, et ceux qui aspirent \u00e0 le devenir ne parlent jamais de tout cela.<br \/>\nOu, quand ils en parlent, on ne les entend pas.<\/p>\n<p>La classe politique fran\u00e7aise ressemble \u00e0 ces parents indignes qui pr\u00e9f\u00e8rent mettre la radio a fond (ou la t\u00e9l\u00e9) pour ne pas entendre les cris de leurs enfants.<\/p>\n<p>Un jour, bient\u00f4t, les enfants se vengeront. \u00bb<\/p>\n","protected":false},"excerpt":{"rendered":"<p>Source : http:\/\/blogs.lexpress.fr\/attali\/2017\/03\/06\/honte-a-vous\/ \u00ab Ayant particip\u00e9 tr\u00e8s activement \u00e0 toutes les \u00e9lections pr\u00e9sidentielles fran\u00e7aises depuis quarante ans, je ne pensais jamais avoir \u00e0 assister \u00e0 une campagne aussi d\u00e9sastreuse que celle dans laquelle s\u2019enfonce aujourd\u2019hui notre pays. J\u2019en pleurerai de rage et de col\u00e8re. Et je sais que je suis loin d\u2019\u00eatre le seul. Cette lamentable com\u00e9die \u00e0 laquelle nous assistons n\u2019est pas que le produit des circonstances, qui semblent s\u2019acharner pour la rendre d\u00e9risoire. Elle est le r\u00e9sultat profond d\u2019un pourrissement du syst\u00e8me politique fran\u00e7ais, qui depuis 30 ans au moins, pr\u00e9f\u00e8re se complaire dans l\u2019inaction, les petites rivalit\u00e9s de personnes, les compromissions grandes ou petites ; les corruptions, ouvertes ou tacites. De cela, nous mourons. Les Fran\u00e7ais le sentent bien, qui, en majorit\u00e9, aimeraient pouvoir voter pour un autre candidat que tous ceux qui se pr\u00e9sentent aujourd\u2019hui, sans pouvoir le nommer. Ils aimeraient qu\u2019on leur propose un programme s\u00e9rieux, coh\u00e9rent, avec un calendrier rapide de mise en oeuvre. Ils aimeraient avoir des dirigeants honn\u00eates et d\u2019exp\u00e9rience. Ils savent bien que ce n\u2019est pas dans les path\u00e9tiques affrontements d\u2019\u00e9gos des candidats que se trouvent la solution de leurs probl\u00e8mes quotidiens ni surtout de ceux de leurs enfants. Ils comprennent [&hellip;]<\/p>\n","protected":false},"author":1,"featured_media":0,"comment_status":"open","ping_status":"open","sticky":false,"template":"","format":"standard","meta":[],"categories":[21],"tags":[],"_links":{"self":[{"href":"http:\/\/saint-andre-d-olerargues.com\/wpdossier\/wp-json\/wp\/v2\/posts\/6225"}],"collection":[{"href":"http:\/\/saint-andre-d-olerargues.com\/wpdossier\/wp-json\/wp\/v2\/posts"}],"about":[{"href":"http:\/\/saint-andre-d-olerargues.com\/wpdossier\/wp-json\/wp\/v2\/types\/post"}],"author":[{"embeddable":true,"href":"http:\/\/saint-andre-d-olerargues.com\/wpdossier\/wp-json\/wp\/v2\/users\/1"}],"replies":[{"embeddable":true,"href":"http:\/\/saint-andre-d-olerargues.com\/wpdossier\/wp-json\/wp\/v2\/comments?post=6225"}],"version-history":[{"count":2,"href":"http:\/\/saint-andre-d-olerargues.com\/wpdossier\/wp-json\/wp\/v2\/posts\/6225\/revisions"}],"predecessor-version":[{"id":6228,"href":"http:\/\/saint-andre-d-olerargues.com\/wpdossier\/wp-json\/wp\/v2\/posts\/6225\/revisions\/6228"}],"wp:attachment":[{"href":"http:\/\/saint-andre-d-olerargues.com\/wpdossier\/wp-json\/wp\/v2\/media?parent=6225"}],"wp:term":[{"taxonomy":"category","embeddable":true,"href":"http:\/\/saint-andre-d-olerargues.com\/wpdossier\/wp-json\/wp\/v2\/categories?post=6225"},{"taxonomy":"post_tag","embeddable":true,"href":"http:\/\/saint-andre-d-olerargues.com\/wpdossier\/wp-json\/wp\/v2\/tags?post=6225"}],"curies":[{"name":"wp","href":"https:\/\/api.w.org\/{rel}","templated":true}]}}