{"id":6246,"date":"2017-03-15T15:36:29","date_gmt":"2017-03-15T14:36:29","guid":{"rendered":"http:\/\/saint-andre-d-olerargues.com\/wpdossier\/?p=6246"},"modified":"2017-03-15T15:36:29","modified_gmt":"2017-03-15T14:36:29","slug":"toujours-deux-sons-de-cloche-ding-d-chut-le-silence-de-mossoul","status":"publish","type":"post","link":"http:\/\/saint-andre-d-olerargues.com\/wpdossier\/blog\/2017\/03\/15\/toujours-deux-sons-de-cloche-ding-d-chut-le-silence-de-mossoul\/","title":{"rendered":"Toujours deux sons de cloche : Ding ! D\u2026 chut ? Le silence de Mossoul"},"content":{"rendered":"<p><a href=\"http:\/\/saint-andre-d-olerargues.com\/wpdossier\/wp-content\/uploads\/2016\/11\/PIC00011.jpg\"><img loading=\"lazy\" src=\"http:\/\/saint-andre-d-olerargues.com\/wpdossier\/wp-content\/uploads\/2016\/11\/PIC00011.jpg\" alt=\"\" width=\"1024\" height=\"768\" class=\"alignnone size-full wp-image-5854\" srcset=\"http:\/\/saint-andre-d-olerargues.com\/wpdossier\/wp-content\/uploads\/2016\/11\/PIC00011.jpg 1024w, http:\/\/saint-andre-d-olerargues.com\/wpdossier\/wp-content\/uploads\/2016\/11\/PIC00011-300x225.jpg 300w, http:\/\/saint-andre-d-olerargues.com\/wpdossier\/wp-content\/uploads\/2016\/11\/PIC00011-768x576.jpg 768w, http:\/\/saint-andre-d-olerargues.com\/wpdossier\/wp-content\/uploads\/2016\/11\/PIC00011-800x600.jpg 800w, http:\/\/saint-andre-d-olerargues.com\/wpdossier\/wp-content\/uploads\/2016\/11\/PIC00011-160x120.jpg 160w\" sizes=\"(max-width: 1024px) 100vw, 1024px\" \/><\/a><br \/>\nD\u2019APRES GUILLAUME BOREL  Source : http:\/\/arretsurinfo.ch\/le-silence-de-mossoul\/<\/p>\n<h1>L\u2019assourdissant bruit de la cloche des M\u00e9dias \u00e0 Alep Est Syrie<\/h1>\n<p>A l\u2019occasion de la lib\u00e9ration d\u2019Alep-Est par l\u2019arm\u00e9e syrienne en d\u00e9cembre 2016, les m\u00e9dias occidentaux avaient massivement relay\u00e9 le point de vue des djihadistes du Front al-Nosra qui, en fait, retenaient la population civile en otage. L\u2019avanc\u00e9e de l\u2019arm\u00e9e r\u00e9guli\u00e8re syrienne et l\u2019appui a\u00e9rien russe avaient ainsi donn\u00e9 lieu \u00e0 des articles indign\u00e9s relatant le calvaire et les pertes subies par les populations civiles. <\/p>\n<h2>La reprise de la ville aux djihadistes \u00e9tait \u00e9voqu\u00e9e par RFI comme une \u00ab agonie \u00bb, une \u00ab politique de la terre br\u00fbl\u00e9e \u00bb selon Le Parisien, une \u00ab ignominie \u00bb selon Lib\u00e9ration, ou encore une \u00ab trag\u00e9die \u00bb selon le journal Le Monde. <\/h2>\n<p>Des manifestations en soutien aux populations civiles avaient \u00e9t\u00e9 organis\u00e9es dans plusieurs capitales occidentales, abondamment relay\u00e9es par les m\u00e9dias. Le gouvernement fran\u00e7ais avait saisi en urgence le Conseil de s\u00e9curit\u00e9 de l\u2019ONU afin d\u2019aborder la question de l\u2019\u00e9vacuation de la population civile. Le repr\u00e9sentant fran\u00e7ais aux Nations Unies r\u00e9sumait le point de vue dominant dans les chancelleries et les m\u00e9dias occidentaux ainsi :<\/p>\n<h2>\u00ab Cette trag\u00e9die est le r\u00e9sultat de la sauvagerie des uns, de la complicit\u00e9 active et du cynisme absolu des autres, mais aussi de beaucoup de l\u00e2chet\u00e9 et d\u2019indiff\u00e9rence et, il faut avoir le courage de le dire, de l\u2019impuissance de la communaut\u00e9 internationale et de l\u2019ONU. \u00bb<\/h2>\n<p>L\u2019axe de traitement de la lib\u00e9ration d\u2019Alep dans les m\u00e9dias occidentaux fut ainsi celui de la sauvagerie et de la barbarie russo-syrienne oppos\u00e9e au sort des victimes civiles.<\/p>\n<p>Le Front al-Nosra et les groupes djihadistes qui lui sont affili\u00e9s furent quant \u00e0 eux qualifi\u00e9s de \u00ab rebelles mod\u00e9r\u00e9s \u00bb victimes d\u2019une \u00ab politique de la terre br\u00fbl\u00e9e \u00bb. Leur point de vue fut abondamment relay\u00e9 sur les r\u00e9seaux sociaux par l\u2019interm\u00e9diaire de comptes d\u2019ONG c\u00e9l\u00e8bres, comme les \u00ab Casques blancs \u00bb syriens ; ou encore de particuliers d\u00e9non\u00e7ant les \u00ab exactions \u00bb du r\u00e9gime, comme par exemple l\u2019histoire de la petite Bana, qui \u00e9mut le monde entier.<\/p>\n<h1>L\u2019assourdissant silence de la cloche des M\u00e9dias \u00e0 Mossoul en Irak <\/h1>\n<p>Dans le m\u00eame temps, la coalition internationale dirig\u00e9e par les Etats-Unis, amor\u00e7ait une offensive en tout point similaire sur le territoire irakien destin\u00e9e \u00e0 reprendre la ville de Mossoul \u00e0 l\u2019\u00c9tat Islamique. Le journal Le Monde relayait les propos du premier ministre irakien d\u00e9finissant les objectifs de l\u2019op\u00e9ration conduite par l\u2019arm\u00e9e irakienne avec l\u2019appui de la coalition internationale ainsi :<\/p>\n<blockquote><p>\u00ab Nos forces entament la lib\u00e9ration des citoyens de la terreur de Daech. \u00bb<\/p><\/blockquote>\n<h2>Ce n\u2019est pas le m\u00eame son de cloche !<\/h2>\n<p>Contrairement \u00e0 \u00ab la bataille d\u2019Alep \u00bb pr\u00e9sent\u00e9e comme une \u00ab ignominie \u00bb et une \u00ab politique de la terre br\u00fbl\u00e9e \u00bb, la bataille de Mossoul sera ainsi pr\u00e9sent\u00e9e par la presse occidentale comme une \u00ab lib\u00e9ration de la terreur de Daech \u00bb.<\/p>\n<p>La situation \u00e9tant strictement la m\u00eame, les civils \u00e9tant dans les deux cas retenus en otage et servant de boucliers humains \u00e0 des groupes salafistes partageant une id\u00e9ologie et des m\u00e9thodes de combat similaires, la diff\u00e9rence de traitement journalistique tient uniquement \u00e0 la d\u00e9finition pr\u00e9alable de la version officielle livr\u00e9e par les puissances occidentales : \u00e0 Alep, les \u00ab barbares \u00bb russo-syriens martyrisent la population civile et les rebelles \u00ab mod\u00e9r\u00e9s \u00bb, \u00e0 Mossoul, les forces irakiennes appuy\u00e9es par la coalition internationale \u00ab lib\u00e8rent les citoyens de la terreur de Daech. \u00bb<\/p>\n<p>Cette lib\u00e9ration de Mossoul par les \u00ab forces du bien \u00bb s\u2019op\u00e8re dans le plus grand silence m\u00e9diatique concernant les pertes civiles et la situation humanitaire, et participe d\u2019une certaine euphorie.<\/p>\n<h1>De la compassion \u00e0 l\u2019euphorie<\/h1>\n<p>Le premier novembre 2016, le journal le Figaro s\u2019extasie ainsi que l\u2019artillerie fran\u00e7aise soutienne l\u2019offensive de l\u2019arm\u00e9e irakienne et pr\u00e9cise \u00e0 ses lecteurs :<\/p>\n<blockquote><p>\u00ab Cinq camions \u00e9quip\u00e9s de syst\u00e8me d\u2019artillerie et une centaine de militaires sont d\u00e9ploy\u00e9s sur la base de Qayyarah au sud de Mossoul. Ils m\u00e8nent quotidiennement des missions de tirs. \u00bb<\/p><\/blockquote>\n<p><a href=\"http:\/\/saint-andre-d-olerargues.com\/wpdossier\/wp-content\/uploads\/2017\/03\/Mossoul.jpg\"><img loading=\"lazy\" src=\"http:\/\/saint-andre-d-olerargues.com\/wpdossier\/wp-content\/uploads\/2017\/03\/Mossoul.jpg\" alt=\"\" width=\"578\" height=\"325\" class=\"alignnone size-full wp-image-6249\" srcset=\"http:\/\/saint-andre-d-olerargues.com\/wpdossier\/wp-content\/uploads\/2017\/03\/Mossoul.jpg 578w, http:\/\/saint-andre-d-olerargues.com\/wpdossier\/wp-content\/uploads\/2017\/03\/Mossoul-300x169.jpg 300w, http:\/\/saint-andre-d-olerargues.com\/wpdossier\/wp-content\/uploads\/2017\/03\/Mossoul-213x120.jpg 213w\" sizes=\"(max-width: 578px) 100vw, 578px\" \/><\/a><br \/>\nCr\u00e9dit photo : Media Figaro. Les fran\u00e7ais au boulot.<\/p>\n<p>Illustr\u00e9 de nombreuses photographies des canons fran\u00e7ais devant \u00ab lib\u00e9rer Mossoul \u00bb, l\u2019article pr\u00e9cise \u00e9galement que ces derniers sont install\u00e9s \u00e0 60 km au sud de la ville, sur la base de Qayyarah. Pourtant, il n\u2019y aura aucune interrogation dans le journal de Serge Dassault sur le caract\u00e8re \u00ab chirurgical \u00bb ou non de l\u2019artillerie fran\u00e7aise \u00e9voluant \u00e0 des dizaines de kilom\u00e8tres de ses cibles, cibles elles-m\u00eames imbriqu\u00e9es dans la population civile\u2026 Mais puisqu\u2019il s\u2019agit de canons fran\u00e7ais, les journalistes du Figaro n\u2019entreront pas dans ces f\u00e2cheuses consid\u00e9rations et pr\u00e9f\u00e9reront abreuver leurs lecteurs des prouesses technologiques de ces armes de \u00ab lib\u00e9ration \u00bb.<\/p>\n<p>( \u2026 ) Le 7 mars, le m\u00eame quotidien du marchand d\u2019armes Serge Dassault, en remet une couche en consacrant un paragraphe entier \u00e0 l\u2019action des \u00ab canons Caesar \u00bb. Le lecteur avis\u00e9 apprendra ainsi que depuis la mi-f\u00e9vrier l\u2019offensive irakienne se concentre sur l\u2019ouest de la ville de Mossoul apr\u00e8s avoir repris les quartiers Est \u00e0 la fin du mois de janvier. Et c\u2019est l\u00e0 que l\u2019on retrouve les canons fran\u00e7ais si chers aux journalistes du Figaro, car ils participent \u00e0 \u00ab la lib\u00e9ration des citoyens de la terreur de Daech \u00bb. Ainsi, les forces irakiennes ont pu b\u00e9n\u00e9ficier, lors de la reprise des quartiers Est de Mossoul, du \u00absoutien de la coalition internationale men\u00e9e par Washington. Cet appui est essentiellement a\u00e9rien avec en compl\u00e9ment une intervention des canons fran\u00e7ais Caesar qui ont effectu\u00e9 de nombreux tirs ces quinze derniers jours. \u00bb <\/p>\n<p><a href=\"http:\/\/saint-andre-d-olerargues.com\/wpdossier\/wp-content\/uploads\/2017\/03\/Mossoul2.jpg\"><img loading=\"lazy\" src=\"http:\/\/saint-andre-d-olerargues.com\/wpdossier\/wp-content\/uploads\/2017\/03\/Mossoul2.jpg\" alt=\"\" width=\"605\" height=\"403\" class=\"alignnone size-full wp-image-6250\" srcset=\"http:\/\/saint-andre-d-olerargues.com\/wpdossier\/wp-content\/uploads\/2017\/03\/Mossoul2.jpg 605w, http:\/\/saint-andre-d-olerargues.com\/wpdossier\/wp-content\/uploads\/2017\/03\/Mossoul2-300x200.jpg 300w, http:\/\/saint-andre-d-olerargues.com\/wpdossier\/wp-content\/uploads\/2017\/03\/Mossoul2-180x120.jpg 180w\" sizes=\"(max-width: 605px) 100vw, 605px\" \/><\/a><br \/>\n\u00c0 Mossoul-Ouest, vendredi 10 mars, des nuages de fum\u00e9e s\u2019\u00e9l\u00e8vent apr\u00e8s une attaque a\u00e9rienne. \/ Aris Messinis\/AFP<\/p>\n<p>Le lecteur ne saura \u00e9videmment jamais \u00e0 la lecture du journal de Serge Dassault combien d\u2019habitants de Mossoul ont p\u00e9ri sous les obus tir\u00e9s par les canons fran\u00e7ais, qui, rappelons-le ont un rayon de destruction de cinquante m\u00e8tres au point d\u2019impact. La question des victimes civiles ne sera ainsi jamais \u00e9voqu\u00e9e, et l\u2019offensive sur Mossoul n\u2019a pour l\u2019instant donn\u00e9 lieu \u00e0 aucun bilan chiffr\u00e9 des victimes civiles dans la presse. Et pour cause, le \u00ab volet humanitaire \u00bb de la bataille de Mossoul est le premier port\u00e9 disparu de la couverture m\u00e9diatique, cette bataille opposant, selon la version officielle de la coalition internationale, les forces de lib\u00e9ration \u00e0  la \u00ab terreur de Daech \u00bb. Ce qui caract\u00e9rise la couverture m\u00e9diatique de la bataille de Mossoul, c\u2019est un journalisme embarqu\u00e9 \u00e0 la fois suppl\u00e9tif et porte-parole militaire.<\/p>\n<p><a href=\"http:\/\/saint-andre-d-olerargues.com\/wpdossier\/wp-content\/uploads\/2017\/03\/Mossoul3.jpg\"><img loading=\"lazy\" src=\"http:\/\/saint-andre-d-olerargues.com\/wpdossier\/wp-content\/uploads\/2017\/03\/Mossoul3.jpg\" alt=\"\" width=\"605\" height=\"340\" class=\"alignnone size-full wp-image-6251\" srcset=\"http:\/\/saint-andre-d-olerargues.com\/wpdossier\/wp-content\/uploads\/2017\/03\/Mossoul3.jpg 605w, http:\/\/saint-andre-d-olerargues.com\/wpdossier\/wp-content\/uploads\/2017\/03\/Mossoul3-300x169.jpg 300w, http:\/\/saint-andre-d-olerargues.com\/wpdossier\/wp-content\/uploads\/2017\/03\/Mossoul3-214x120.jpg 214w\" sizes=\"(max-width: 605px) 100vw, 605px\" \/><\/a><br \/>\n ( \u2026 )<br \/>\nLe 7 mars, Euronews relaye les propos du premier ministre irakien ainsi :<br \/>\n\u00ab Soit les militants de Daesh s\u2018\u00e9chappent, soit ils seront tu\u00e9s, pr\u00e9vient Haider Al-Abadi. \u00bb<\/p>\n<p>Le 19 f\u00e9vrier, c\u2019\u00e9tait le journal Le Monde qui donnait la parole \u00e0 plusieurs \u00ab experts \u00bb. Selon le premier, la bataille pour l\u2019ouest de Mossoul risquait \u00ab d\u2019\u00eatre plus difficile, avec des combats maison par maison, plus sanglants et \u00e0 plus grande \u00e9chelle.\u00bb<\/p>\n<p>Et le deuxi\u00e8me expert de surench\u00e9rir :<\/p>\n<p>\u00ab La r\u00e9sistance de l\u2019EI pourrait s\u2019av\u00e9rer plus importance dans cette zone et il sera plus difficile, mais de la plus grande importance, de nettoyer enti\u00e8rement Mossoul des r\u00e9seaux [djihadistes] apr\u00e8s sa reprise. \u00bb<\/p>\n<p>Ainsi, alors que la bataille d\u2019Alep aurait fait plus de 21000 morts selon le tr\u00e8s fameux Observatoire Syrien des Droit de l\u2019Homme bas\u00e9 \u00e0 Londres, qui comme chacun sait est donc bien plac\u00e9 pour observer, le blog Mosul eye estimait d\u00e9but mars \u00e0 9500 les victimes civiles de la bataille de Mossoul, alors qu\u2019elle va entrer, selon les \u00ab experts \u00bb du journal Le Monde, dans sa phase la plus meurtri\u00e8re.<br \/>\nMais de cela, les m\u00e9dias occidentaux, embarqu\u00e9s cette fois-ci aux c\u00f4t\u00e9s des troupes des lib\u00e9rateurs, ne veulent pas s\u2019en soucier ni en informer leur public tant l\u2019histoire qu\u2019ils ont \u00e0 raconter doit \u00eatre belle&#8230;<\/p>\n<p>Guillaume Borel est un analyste politique. Il est l\u2019auteur de l\u2019ouvrage Le travail, histoire d\u2019une id\u00e9ologie \u2013 \u00c9ditions Utopia: 2015. Il s\u2019int\u00e9resse \u00e0 la g\u00e9opolitique, aux questions de macro-\u00e9conomie, de propagande et de manipulations m\u00e9diatiques.<\/p>\n","protected":false},"excerpt":{"rendered":"<p>D\u2019APRES GUILLAUME BOREL Source : http:\/\/arretsurinfo.ch\/le-silence-de-mossoul\/ L\u2019assourdissant bruit de la cloche des M\u00e9dias \u00e0 Alep Est Syrie A l\u2019occasion de la lib\u00e9ration d\u2019Alep-Est par l\u2019arm\u00e9e syrienne en d\u00e9cembre 2016, les m\u00e9dias occidentaux avaient massivement relay\u00e9 le point de vue des djihadistes du Front al-Nosra qui, en fait, retenaient la population civile en otage. L\u2019avanc\u00e9e de l\u2019arm\u00e9e r\u00e9guli\u00e8re syrienne et l\u2019appui a\u00e9rien russe avaient ainsi donn\u00e9 lieu \u00e0 des articles indign\u00e9s relatant le calvaire et les pertes subies par les populations civiles. La reprise de la ville aux djihadistes \u00e9tait \u00e9voqu\u00e9e par RFI comme une \u00ab agonie \u00bb, une \u00ab politique de la terre br\u00fbl\u00e9e \u00bb selon Le Parisien, une \u00ab ignominie \u00bb selon Lib\u00e9ration, ou encore une \u00ab trag\u00e9die \u00bb selon le journal Le Monde. Des manifestations en soutien aux populations civiles avaient \u00e9t\u00e9 organis\u00e9es dans plusieurs capitales occidentales, abondamment relay\u00e9es par les m\u00e9dias. Le gouvernement fran\u00e7ais avait saisi en urgence le Conseil de s\u00e9curit\u00e9 de l\u2019ONU afin d\u2019aborder la question de l\u2019\u00e9vacuation de la population civile. Le repr\u00e9sentant fran\u00e7ais aux Nations Unies r\u00e9sumait le point de vue dominant dans les chancelleries et les m\u00e9dias occidentaux ainsi : \u00ab Cette trag\u00e9die est le r\u00e9sultat de la sauvagerie des uns, de [&hellip;]<\/p>\n","protected":false},"author":1,"featured_media":0,"comment_status":"open","ping_status":"open","sticky":false,"template":"","format":"standard","meta":[],"categories":[21],"tags":[],"_links":{"self":[{"href":"http:\/\/saint-andre-d-olerargues.com\/wpdossier\/wp-json\/wp\/v2\/posts\/6246"}],"collection":[{"href":"http:\/\/saint-andre-d-olerargues.com\/wpdossier\/wp-json\/wp\/v2\/posts"}],"about":[{"href":"http:\/\/saint-andre-d-olerargues.com\/wpdossier\/wp-json\/wp\/v2\/types\/post"}],"author":[{"embeddable":true,"href":"http:\/\/saint-andre-d-olerargues.com\/wpdossier\/wp-json\/wp\/v2\/users\/1"}],"replies":[{"embeddable":true,"href":"http:\/\/saint-andre-d-olerargues.com\/wpdossier\/wp-json\/wp\/v2\/comments?post=6246"}],"version-history":[{"count":4,"href":"http:\/\/saint-andre-d-olerargues.com\/wpdossier\/wp-json\/wp\/v2\/posts\/6246\/revisions"}],"predecessor-version":[{"id":6253,"href":"http:\/\/saint-andre-d-olerargues.com\/wpdossier\/wp-json\/wp\/v2\/posts\/6246\/revisions\/6253"}],"wp:attachment":[{"href":"http:\/\/saint-andre-d-olerargues.com\/wpdossier\/wp-json\/wp\/v2\/media?parent=6246"}],"wp:term":[{"taxonomy":"category","embeddable":true,"href":"http:\/\/saint-andre-d-olerargues.com\/wpdossier\/wp-json\/wp\/v2\/categories?post=6246"},{"taxonomy":"post_tag","embeddable":true,"href":"http:\/\/saint-andre-d-olerargues.com\/wpdossier\/wp-json\/wp\/v2\/tags?post=6246"}],"curies":[{"name":"wp","href":"https:\/\/api.w.org\/{rel}","templated":true}]}}