{"id":6303,"date":"2017-04-12T15:33:25","date_gmt":"2017-04-12T13:33:25","guid":{"rendered":"http:\/\/saint-andre-d-olerargues.com\/wpdossier\/?p=6303"},"modified":"2017-04-12T15:46:05","modified_gmt":"2017-04-12T13:46:05","slug":"questions-legitimes-que-lon-doit-se-poser","status":"publish","type":"post","link":"http:\/\/saint-andre-d-olerargues.com\/wpdossier\/blog\/2017\/04\/12\/questions-legitimes-que-lon-doit-se-poser\/","title":{"rendered":"Questions l\u00e9gitimes que l\u2019on doit se poser"},"content":{"rendered":"<p><a href=\"http:\/\/saint-andre-d-olerargues.com\/wpdossier\/wp-content\/uploads\/2017\/04\/Encore-Trump.jpg\"><img loading=\"lazy\" src=\"http:\/\/saint-andre-d-olerargues.com\/wpdossier\/wp-content\/uploads\/2017\/04\/Encore-Trump.jpg\" alt=\"\" width=\"390\" height=\"300\" class=\"alignnone size-full wp-image-6306\" srcset=\"http:\/\/saint-andre-d-olerargues.com\/wpdossier\/wp-content\/uploads\/2017\/04\/Encore-Trump.jpg 390w, http:\/\/saint-andre-d-olerargues.com\/wpdossier\/wp-content\/uploads\/2017\/04\/Encore-Trump-300x231.jpg 300w, http:\/\/saint-andre-d-olerargues.com\/wpdossier\/wp-content\/uploads\/2017\/04\/Encore-Trump-156x120.jpg 156w\" sizes=\"(max-width: 390px) 100vw, 390px\" \/><\/a><br \/>\nSource Antoine Fournier Planetes360<\/p>\n<h1>Les r\u00e9centes frappes contre la Syrie ont d\u00e9truit l&rsquo;espoir que Trump rejette la politique d&rsquo;ing\u00e9rence.<\/h1>\n<blockquote><p>Il s&rsquo;est montr\u00e9, en r\u00e9alit\u00e9, la marionnette dl&rsquo;\u00abEtat profond\u00bb, explique l&rsquo;historien John Laughland.<br \/>\nLe revirement de 180 degr\u00e9s du pr\u00e9sident Trump sur la Syrie met fin \u00e0 toute illusion sur sa pr\u00e9sidence. Loin de repr\u00e9senter une r\u00e9volution, son \u00e9lection l&rsquo;an dernier n&rsquo;est que la \u00e9ni\u00e8me preuve que le processus d\u00e9mocratique est aujourd&rsquo;hui incapable d&rsquo;effectuer de vrais changements dans la vie politique des grands Etats, tant les grandes lignes de cette politique sont fix\u00e9es par un appareil de l&rsquo;Etat qui, lui, ne change jamais.<\/blockquote>\n<p>Pourquoi pr\u00e9tendre que c\u2019est Assad qui a utilis\u00e9 un armement chimique pour tuer quelques dizaines de civils au risque de se mettre \u00e0 dos la communaut\u00e9 internationale ?<\/p>\n<p>Parmi ceux \u00e0 qui le crime profite, les troupes rebelles (dont Al-Nosra, une branche d\u2019Al-Qa\u00efda) et l\u2019Etat Islamique ne figurent-ils pas en bonne place ?<\/p>\n<p>Que dire des int\u00e9r\u00eats Turcs dans la r\u00e9gion ? <\/p>\n<p>Voient-ils d\u2019un bon \u0153il la progression des Kurdes, alli\u00e9s du r\u00e9gime de Bachar-el-Assad ? <\/p>\n<p>Est-il l\u2019int\u00e9r\u00eat des Turcs que l\u2019alliance Russes, Syriens et Kurdes sortent vainqueur de la guerre contre les islamistes ?<\/p>\n<p>Cette d\u00e9stabilisation du dictateur Syrien ne provoque-t-elle pas une fragilisation de la position de la Russie ? <\/p>\n<p>Cela ne profite-t-il pas en premier lieu aux Etats-Unis ?<\/p>\n<p>Que sait-on de l\u2019action de la CIA dans la r\u00e9gion ?<\/p>\n<p>N\u2019est-elle pas habitu\u00e9e \u00e0 soutenir discr\u00e8tement des terroristes islamistes contre les Russes ? <\/p>\n<p>Et fomenter des actions visant \u00e0 en d\u00e9stabiliser les alli\u00e9s ?<\/p>\n<p>Pourquoi Trump est-il si prompte \u00e0 condamner l\u2019alli\u00e9 des Russes dans la r\u00e9gion, et lance-t-il une attaque unilat\u00e9rale ? <\/p>\n<p>O\u00f9 est son int\u00e9r\u00eat ?<\/p>\n<p>Est-il d\u2019ordre strat\u00e9gique ou domestique ? <\/p>\n<p>Ses d\u00e9m\u00eal\u00e9es avec les repr\u00e9sentants r\u00e9publicains y sont-elles pour quelque chose ?<br \/>\nO\u00f9 est l\u2019int\u00e9r\u00eat du peuple am\u00e9ricain ?<\/p>\n<p>Les attaques chimiques effectu\u00e9es en 2013 contre une population civile ont-elles fait l\u2019objet d\u2019une enqu\u00eate approfondie ? <\/p>\n<p>Des journalistes Belges sur le terrain n\u2019ont-ils pas t\u00e9moign\u00e9 de la probable culpabilit\u00e9 des rebelles islamistes djihadistes eux-m\u00eames ?<\/p>\n<h1>Peut-\u00eatre comprendrons-nous mieux ce qui se passe si nous savions ce qui se trame derri\u00e8re tout cela. <\/h1>\n<p>O\u00f9 sont les champs p\u00e9trolif\u00e8res ? <\/p>\n<p>Quels sont les projets de Pipe-line en Syrie ? <\/p>\n<p>Quels sont les vrais int\u00e9r\u00eats des Turcs, des Russes, des Am\u00e9ricains, des Iraniens, des monarchies du Golfe, des Isra\u00e9liens ?<\/p>\n<p>Tant de questions sans r\u00e9ponse\u2026<\/p>\n<p>D\u2019autres questions, par contre, ont finalement obtenues, avec le temps, des r\u00e9ponses : <\/p>\n<p>L\u2019intervention am\u00e9ricaine en Irak, contre l\u2019avis de l\u2019ONU, en 2003, a-t-elle apport\u00e9 la paix et la d\u00e9mocratie dans cette r\u00e9gion ? <\/p>\n<p>Des armes de destruction massive ont-elles \u00e9t\u00e9 d\u00e9couvertes en Irak, ou bien au contraire a-t-on d\u00e9couvert que les autorit\u00e9s am\u00e9ricaines (the deep state) savaient d\u00e8s le d\u00e9but qu\u2019elles n\u2019existaient pas ? <\/p>\n<p>L\u2019\u00e9tat Islamique se serait-il constitu\u00e9 si les Etats-Unis n\u2019avaient pas renvers\u00e9 un r\u00e9gime, certes dictatorial, mais la\u00efc ?<\/p>\n<p>Dans ces conditions, est-il temps pour les d\u00e9mocraties europ\u00e9ennes de trancher, de condamner, d\u2019intervenir, au risque d\u2019agir dans l\u2019int\u00e9r\u00eat des vrais responsables de l\u2019horreur de cette semaine, et contre les int\u00e9r\u00eats des Europ\u00e9ens ?<\/p>\n<p>Pourquoi accuser Bachar-el-Assad de d\u00e9signer comme terroristes des opposants ou rebelles, alors que ceux-ci sont des islamistes djihadistes, dont certains sont des combattants d\u2019Al-Qa\u00efda ou de l\u2019Etat Islamique, que nous appelons nous-m\u00eame terroristes lorsqu\u2019ils s\u2019en prennent \u00e0 nous ?<\/p>\n<p>Pourquoi la presse fran\u00e7aise se pr\u00e9cipite-t-elle alors, comme pour pr\u00e9parer la population fran\u00e7aise \u00e0 une participation de la France \u00e0 une nouvelle croisade Am\u00e9ricaine ?<br \/>\nQuels sont nos int\u00e9r\u00eats ?<\/p>\n<p>Quels sont les int\u00e9r\u00eats de la presse Fran\u00e7aise ?<\/p>\n<p>Faut-il chercher un agenda du c\u00f4t\u00e9 des actionnaires de nos grands journaux ?<\/p>\n<p>Pourquoi une si belle unanimit\u00e9 alors que tant de zones d\u2019ombre subsistent ? <\/p>\n<p>Y-a-t-il un rapport de causalit\u00e9 avec l\u2019opinion exprim\u00e9e par Emmanuel Macron, favorable \u00e0 une intervention Fran\u00e7aise ?<\/p>\n<p>L\u2019alliance des va-t-en-guerre va-t-elle r\u00e9it\u00e9rer les erreurs de l\u2019invasion de l\u2019Irak de Saddam Hussein, ou de la Libye de Mouammar Kadhafi, avec la Syrie de Bachar-El-Assad ?<br \/>\nNe prennent-ils pas les lecteurs et les \u00e9lecteurs pour des ignorants incapables de lire, d\u2019\u00e9couter et de r\u00e9fl\u00e9chir ?<\/p>\n<p>A-t-on encore le droit de poser des questions ?<\/p>\n<p>Myst\u00e8re et boule de gomme \u2026<\/p>\n<p> <img loading=\"lazy\" src=\"https:\/\/secure.gravatar.com\/avatar\/1728472db158e0ed6d57f23cac168af0?s=96&#038;d=mm&#038;r=g\" width=\"96\" height=\"96\" alt=\"\" class=\"avatar avatar-96 wp-user-avatar wp-user-avatar-96 photo avatar-default\" data-pagespeed-url-hash=\"2126719616\"\/> Antoine Fournier Auteur ind\u00e9pendant, Voyageur, Consultant aupr\u00e8s des entreprises dans 19 pays et 3 continents..<\/p>\n","protected":false},"excerpt":{"rendered":"<p>Source Antoine Fournier Planetes360 Les r\u00e9centes frappes contre la Syrie ont d\u00e9truit l&rsquo;espoir que Trump rejette la politique d&rsquo;ing\u00e9rence. Il s&rsquo;est montr\u00e9, en r\u00e9alit\u00e9, la marionnette dl&rsquo;\u00abEtat profond\u00bb, explique l&rsquo;historien John Laughland. Le revirement de 180 degr\u00e9s du pr\u00e9sident Trump sur la Syrie met fin \u00e0 toute illusion sur sa pr\u00e9sidence. Loin de repr\u00e9senter une r\u00e9volution, son \u00e9lection l&rsquo;an dernier n&rsquo;est que la \u00e9ni\u00e8me preuve que le processus d\u00e9mocratique est aujourd&rsquo;hui incapable d&rsquo;effectuer de vrais changements dans la vie politique des grands Etats, tant les grandes lignes de cette politique sont fix\u00e9es par un appareil de l&rsquo;Etat qui, lui, ne change jamais. Pourquoi pr\u00e9tendre que c\u2019est Assad qui a utilis\u00e9 un armement chimique pour tuer quelques dizaines de civils au risque de se mettre \u00e0 dos la communaut\u00e9 internationale ? Parmi ceux \u00e0 qui le crime profite, les troupes rebelles (dont Al-Nosra, une branche d\u2019Al-Qa\u00efda) et l\u2019Etat Islamique ne figurent-ils pas en bonne place ? Que dire des int\u00e9r\u00eats Turcs dans la r\u00e9gion ? Voient-ils d\u2019un bon \u0153il la progression des Kurdes, alli\u00e9s du r\u00e9gime de Bachar-el-Assad ? Est-il l\u2019int\u00e9r\u00eat des Turcs que l\u2019alliance Russes, Syriens et Kurdes sortent vainqueur de la guerre contre les islamistes ? Cette d\u00e9stabilisation du [&hellip;]<\/p>\n","protected":false},"author":1,"featured_media":0,"comment_status":"open","ping_status":"open","sticky":false,"template":"","format":"standard","meta":[],"categories":[21],"tags":[],"_links":{"self":[{"href":"http:\/\/saint-andre-d-olerargues.com\/wpdossier\/wp-json\/wp\/v2\/posts\/6303"}],"collection":[{"href":"http:\/\/saint-andre-d-olerargues.com\/wpdossier\/wp-json\/wp\/v2\/posts"}],"about":[{"href":"http:\/\/saint-andre-d-olerargues.com\/wpdossier\/wp-json\/wp\/v2\/types\/post"}],"author":[{"embeddable":true,"href":"http:\/\/saint-andre-d-olerargues.com\/wpdossier\/wp-json\/wp\/v2\/users\/1"}],"replies":[{"embeddable":true,"href":"http:\/\/saint-andre-d-olerargues.com\/wpdossier\/wp-json\/wp\/v2\/comments?post=6303"}],"version-history":[{"count":6,"href":"http:\/\/saint-andre-d-olerargues.com\/wpdossier\/wp-json\/wp\/v2\/posts\/6303\/revisions"}],"predecessor-version":[{"id":6310,"href":"http:\/\/saint-andre-d-olerargues.com\/wpdossier\/wp-json\/wp\/v2\/posts\/6303\/revisions\/6310"}],"wp:attachment":[{"href":"http:\/\/saint-andre-d-olerargues.com\/wpdossier\/wp-json\/wp\/v2\/media?parent=6303"}],"wp:term":[{"taxonomy":"category","embeddable":true,"href":"http:\/\/saint-andre-d-olerargues.com\/wpdossier\/wp-json\/wp\/v2\/categories?post=6303"},{"taxonomy":"post_tag","embeddable":true,"href":"http:\/\/saint-andre-d-olerargues.com\/wpdossier\/wp-json\/wp\/v2\/tags?post=6303"}],"curies":[{"name":"wp","href":"https:\/\/api.w.org\/{rel}","templated":true}]}}