{"id":6349,"date":"2017-04-18T14:26:01","date_gmt":"2017-04-18T12:26:01","guid":{"rendered":"http:\/\/saint-andre-d-olerargues.com\/wpdossier\/?p=6349"},"modified":"2017-04-18T14:26:01","modified_gmt":"2017-04-18T12:26:01","slug":"de-ferme-en-ferme-29-et-30-avril-2017","status":"publish","type":"post","link":"http:\/\/saint-andre-d-olerargues.com\/wpdossier\/blog\/2017\/04\/18\/de-ferme-en-ferme-29-et-30-avril-2017\/","title":{"rendered":"DE FERME EN FERME &#8211; 29 et 30 Avril 2017"},"content":{"rendered":"<p><a href=\"http:\/\/saint-andre-d-olerargues.com\/wpdossier\/wp-content\/uploads\/2017\/04\/de-ferme-en-ferme2017.jpg\"><img loading=\"lazy\" src=\"http:\/\/saint-andre-d-olerargues.com\/wpdossier\/wp-content\/uploads\/2017\/04\/de-ferme-en-ferme2017.jpg\" alt=\"\" width=\"608\" height=\"853\" class=\"alignnone size-full wp-image-6350\" srcset=\"http:\/\/saint-andre-d-olerargues.com\/wpdossier\/wp-content\/uploads\/2017\/04\/de-ferme-en-ferme2017.jpg 608w, http:\/\/saint-andre-d-olerargues.com\/wpdossier\/wp-content\/uploads\/2017\/04\/de-ferme-en-ferme2017-214x300.jpg 214w, http:\/\/saint-andre-d-olerargues.com\/wpdossier\/wp-content\/uploads\/2017\/04\/de-ferme-en-ferme2017-86x120.jpg 86w\" sizes=\"(max-width: 608px) 100vw, 608px\" \/><\/a><\/p>\n<p><span style=\"color:green;\"><strong>Le Gard de Ferme en Ferme<\/strong><\/span><\/p>\n<p><strong>29 et 30 Avril 2017<\/strong><\/p>\n<p> 59 fermes des C\u00e9vennes \u00e0 la Camargue vous ouvrent leurs portes !<\/p>\n<p> &#8211; Visites et d\u00e9gustations gratuites.<br \/>\n &#8211; 22 points de Petite restauration \u00e0 la ferme<br \/>\n &#8211; Vente de produits fermiers et bio&#8230;<br \/>\n &#8211; Animations, d\u00e9monstrations (exemples : atelier p\u00e2tisserie, d\u00e9monstration de traction animale, traite, sensibilisation aux insectes pollinisateurs, \u00e9tude d&rsquo;une ruche et observation d&rsquo;une colonie, atelier laine mohair, atelier enfant \u00ab\u00a0peintures de spiruline\u00a0\u00bb&#8230;)<\/p>\n<p>Le d\u00e9pliant est t\u00e9l\u00e9chargeable sur <a href=\"http:\/\/cdn.defermeenferme.com\/files\/pdf\/departement\/depliant_45.pdf\"> <span style=\"color:rgb(255,128,0);\">le site plate-forme De ferme en ferme<\/span><br \/>\n<\/a><br \/>\n Suivez l&rsquo;actualit\u00e9 de la manifestation sur notre page <a href=\"https:\/\/www.facebook.com\/Le-Gard-De-Ferme-En-Ferme-166943090121033\/\"><span style=\"color:rgb(255,128,0);\">Facebook<\/span><br \/>\n<\/a><br \/>\nUne conf\u00e9rence de Presse r\u00e9serv\u00e9e aux journalistes est organis\u00e9e le 20 Avril prochain. Contactez nous pour recevoir <a href=\"http:\/\/www.civamgard.fr\/civam-mail.php?cont_id=4\"> <span style=\"color:rgb(255,128,0);\">le programme !<\/span><br \/>\n<\/a><br \/>\n Vous avez \u00e9t\u00e9 pr\u00e8s de 20 000 l&rsquo;ann\u00e9e derni\u00e8re \u00e0 participer \u00e0 cet \u00e9v\u00e9nement ! 18 nouvelles fermes vous sont pr\u00e9sent\u00e9es cette ann\u00e9e avec un nouveau circuit dans l&rsquo;Uz\u00e8ge.<\/p>\n<p> Cette op\u00e9ration de portes-ouvertes dans les fermes, organis\u00e9e dans le cadre du d\u00e9ploiement de la Politique Alimentaire du D\u00e9partemental du Gard en partenariat avec la F\u00e9d\u00e9ration D\u00e9partementale des CIVAM du Gard, a pour objectif de faire d\u00e9couvrir au public les savoir-faire et les m\u00e9tiers des agriculteurs engag\u00e9s dans un d\u00e9veloppement durable.<\/p>\n<p>En savoir plus sur le r\u00e9seau CIVAM dans le Gard : <a href=\"http:\/\/www.civamgard.fr\/civam-bio-pdf\/PLAQUET%20FDmel.pdf\"> <span style=\"color:rgb(255,128,0);\">t\u00e9l\u00e9chargez notre plaquette 2017 ! <\/span><\/a><\/p>\n","protected":false},"excerpt":{"rendered":"<p>Le Gard de Ferme en Ferme 29 et 30 Avril 2017 59 fermes des C\u00e9vennes \u00e0 la Camargue vous ouvrent leurs portes ! &#8211; Visites et d\u00e9gustations gratuites. &#8211; 22 points de Petite restauration \u00e0 la ferme &#8211; Vente de produits fermiers et bio&#8230; &#8211; Animations, d\u00e9monstrations (exemples : atelier p\u00e2tisserie, d\u00e9monstration de traction animale, traite, sensibilisation aux insectes pollinisateurs, \u00e9tude d&rsquo;une ruche et observation d&rsquo;une colonie, atelier laine mohair, atelier enfant \u00ab\u00a0peintures de spiruline\u00a0\u00bb&#8230;) Le d\u00e9pliant est t\u00e9l\u00e9chargeable sur le site plate-forme De ferme en ferme Suivez l&rsquo;actualit\u00e9 de la manifestation sur notre page Facebook Une conf\u00e9rence de Presse r\u00e9serv\u00e9e aux journalistes est organis\u00e9e le 20 Avril prochain. Contactez nous pour recevoir le programme ! Vous avez \u00e9t\u00e9 pr\u00e8s de 20 000 l&rsquo;ann\u00e9e derni\u00e8re \u00e0 participer \u00e0 cet \u00e9v\u00e9nement ! 18 nouvelles fermes vous sont pr\u00e9sent\u00e9es cette ann\u00e9e avec un nouveau circuit dans l&rsquo;Uz\u00e8ge. Cette op\u00e9ration de portes-ouvertes dans les fermes, organis\u00e9e dans le cadre du d\u00e9ploiement de la Politique Alimentaire du D\u00e9partemental du Gard en partenariat avec la F\u00e9d\u00e9ration D\u00e9partementale des CIVAM du Gard, a pour objectif de faire d\u00e9couvrir au public les savoir-faire et les m\u00e9tiers des agriculteurs engag\u00e9s dans un d\u00e9veloppement durable. En savoir plus sur [&hellip;]<\/p>\n","protected":false},"author":1,"featured_media":0,"comment_status":"open","ping_status":"open","sticky":false,"template":"","format":"standard","meta":[],"categories":[13],"tags":[],"_links":{"self":[{"href":"http:\/\/saint-andre-d-olerargues.com\/wpdossier\/wp-json\/wp\/v2\/posts\/6349"}],"collection":[{"href":"http:\/\/saint-andre-d-olerargues.com\/wpdossier\/wp-json\/wp\/v2\/posts"}],"about":[{"href":"http:\/\/saint-andre-d-olerargues.com\/wpdossier\/wp-json\/wp\/v2\/types\/post"}],"author":[{"embeddable":true,"href":"http:\/\/saint-andre-d-olerargues.com\/wpdossier\/wp-json\/wp\/v2\/users\/1"}],"replies":[{"embeddable":true,"href":"http:\/\/saint-andre-d-olerargues.com\/wpdossier\/wp-json\/wp\/v2\/comments?post=6349"}],"version-history":[{"count":4,"href":"http:\/\/saint-andre-d-olerargues.com\/wpdossier\/wp-json\/wp\/v2\/posts\/6349\/revisions"}],"predecessor-version":[{"id":6354,"href":"http:\/\/saint-andre-d-olerargues.com\/wpdossier\/wp-json\/wp\/v2\/posts\/6349\/revisions\/6354"}],"wp:attachment":[{"href":"http:\/\/saint-andre-d-olerargues.com\/wpdossier\/wp-json\/wp\/v2\/media?parent=6349"}],"wp:term":[{"taxonomy":"category","embeddable":true,"href":"http:\/\/saint-andre-d-olerargues.com\/wpdossier\/wp-json\/wp\/v2\/categories?post=6349"},{"taxonomy":"post_tag","embeddable":true,"href":"http:\/\/saint-andre-d-olerargues.com\/wpdossier\/wp-json\/wp\/v2\/tags?post=6349"}],"curies":[{"name":"wp","href":"https:\/\/api.w.org\/{rel}","templated":true}]}}