{"id":6793,"date":"2018-04-30T10:43:41","date_gmt":"2018-04-30T08:43:41","guid":{"rendered":"http:\/\/saint-andre-d-olerargues.com\/wpdossier\/?p=6793"},"modified":"2018-04-30T10:56:02","modified_gmt":"2018-04-30T08:56:02","slug":"lue-bannit-presque-trois-pesticides-nefastes-pour-les-abeilles","status":"publish","type":"post","link":"http:\/\/saint-andre-d-olerargues.com\/wpdossier\/blog\/2018\/04\/30\/lue-bannit-presque-trois-pesticides-nefastes-pour-les-abeilles\/","title":{"rendered":"L\u2019UE bannit (presque) trois pesticides n\u00e9fastes pour les abeilles"},"content":{"rendered":"<p><a href=\"http:\/\/saint-andre-d-olerargues.com\/wpdossier\/wp-content\/uploads\/2015\/05\/Abeille.jpg\"><img loading=\"lazy\" src=\"http:\/\/saint-andre-d-olerargues.com\/wpdossier\/wp-content\/uploads\/2015\/05\/Abeille.jpg\" alt=\"\" width=\"475\" height=\"353\" class=\"alignnone size-full wp-image-4371\" srcset=\"http:\/\/saint-andre-d-olerargues.com\/wpdossier\/wp-content\/uploads\/2015\/05\/Abeille.jpg 475w, http:\/\/saint-andre-d-olerargues.com\/wpdossier\/wp-content\/uploads\/2015\/05\/Abeille-300x223.jpg 300w\" sizes=\"(max-width: 475px) 100vw, 475px\" \/><\/a><\/p>\n<h1>Les \u00c9tats membres ont valid\u00e9 le 27 avril l\u2019interdiction de trois n\u00e9onicotino\u00efdes <\/h1>\n<p>Et ce sur l\u2019ensemble des cultures en plein champ, en raison de leurs effets jug\u00e9s n\u00e9fastes sur les abeilles.<\/p>\n<p>La majorit\u00e9 qualifi\u00e9e a \u00e9t\u00e9 obtenue \u00e0 l\u2019issue d\u2019une r\u00e9union d\u2019un comit\u00e9 permanent en charge du sujet. D\u2019apr\u00e8s l\u2019AFP, la France, le Royaume-Uni et l\u2019Allemagne ont vot\u00e9 en faveur de la proposition de la Commission, soutenue par le Parlement europ\u00e9en. <\/p>\n<p>Quatre \u00c9tats jugent \u00e0 courte vue, que la production passe avant la pr\u00e9servation des abeilles, ce sont la Roumanie, la R\u00e9publique Tch\u00e8que, le Danemark et la Hongrie qui ont vot\u00e9 contre.<\/p>\n<p>Les trois pesticides concern\u00e9s \u2013 le clothianidine, l\u2019imidaclopride et le thiam\u00e9thoxames \u2013 faisaient d\u00e9j\u00e0 l\u2019objet d\u2019une interdiction partielle mise en place par la Commission en 2013. Le vote du 27\/04 permet non seulement d\u2019\u00e9tendre l\u2019interdiction dans le temps, mais \u00e9galement de la g\u00e9n\u00e9raliser \u00e0 l\u2019ensemble des cultures. <\/p>\n<p>Des exceptions sont pr\u00e9vues pour l\u2019usage de ces n\u00e9nonicotino\u00efdes au sein de serres permanentes qui pourtant devraient \u00eatre naturellement prot\u00e9g\u00e9es des insectes parasites, du fait de leur confinement.<\/p>\n<h1>Effets n\u00e9fastes sur les abeilles<\/h1>\n<p>\u00ab Il s\u2019agit d\u2019une \u00e9tape importante dans la protection des abeilles et des autres pollinisateurs \u00bb, s\u2019est f\u00e9licit\u00e9e Wiebke Schr\u00f6der, responsable de campagnes pour la protection des abeilles chez l\u2019ONG SumOfUs. Depuis d\u00e9cembre, 80 ONG, dont SumOfUs, militent dans le collectif \u00ab Save The Bees \u00bb pour obtenir cette interdiction. Ces organisations mettent en avant plusieurs enqu\u00eates scientifiques venues d\u00e9tailler les effets des pesticides sur les pollinisateurs.<\/p>\n<p>Parmi celles-ci, <a href=\"http:\/\/www.efsa.europa.eu\/fr\/press\/news\/180228\"> une s\u00e9rie de rapports <\/a> publi\u00e9e fin f\u00e9vrier, l\u2019Agence europ\u00e9enne pour la s\u00e9curit\u00e9 alimentaire concluait que les abeilles pouvaient par de multiples fa\u00e7ons \u00eatre expos\u00e9es aux pesticides n\u00e9onicotino\u00efdes. Des r\u00e9sidus de ces derniers se trouveraient sur le pollen et le nectar des cultures trait\u00e9es. Les plantes \u00e0 proximit\u00e9 des cultures pourraient \u00e9galement \u00eatre contamin\u00e9es par la poussi\u00e8re en provenance du champ trait\u00e9 aux pesticides.<\/p>\n<p> \u00ab Quand on sait que les abeilles pollinisent 84 % des cultures europ\u00e9ennes et 4 000 vari\u00e9t\u00e9s de v\u00e9g\u00e9taux et que le taux de mortalit\u00e9 des abeilles atteint les 80 % dans certaines r\u00e9gions d\u2019Europe, ce vote \u00e9tait essentiel pour l\u2019avenir de la biodiversit\u00e9 et notre agriculture ! \u00bb a soulign\u00e9 le porte-parole des sociaux-d\u00e9mocrates europ\u00e9en \u00e0 l\u2019Agriculture \u00c9ric Andrieu dans un communiqu\u00e9. <\/p>\n<h1>Manque d\u2019alternatives pour les opposants, mieux vaut produire quitte \u00e0 d\u00e9truire<\/h1>\n<p>\u00ab L\u2019agriculture europ\u00e9enne va souffrir de cette d\u00e9cision \u00bb, pr\u00e9dit de son c\u00f4t\u00e9 Graeme Taylor, Porte-Parole de l\u2019Association europ\u00e9enne pour l\u2019industrie du pesticide (ECPA). <\/p>\n<p>Le repr\u00e9sentant d\u00e9crie une \u00ab d\u00e9cision pr\u00e9matur\u00e9e \u00bb, alors que deux jugements de la Cour de justice de l\u2019Union europ\u00e9enne sont attendus sur le sujet le 17 mai.<\/p>\n<p>Ces jugements concernent deux poids lourds de l\u2019industrie des pesticides, l\u2019entreprise suisse Syngenta et celle allemande Bayer. Le commissaire \u00e0 la s\u00e9curit\u00e9 alimentaire Vytenis Andriukaitis a n\u00e9anmoins d\u00e9clar\u00e9 hier (26 avril) \u00e0 Euractiv, que \u00ab ces deux enjeux ne sont pas connect\u00e9s \u00bb.<\/p>\n<p>Selon Graeme Taylor, cette interdiction pr\u00e9sente un risque pour la viabilit\u00e9 de l\u2019agriculture europ\u00e9enne. \u00ab Une telle d\u00e9cision est en contradiction directe avec les conclusions de r\u00e9cents rapports par l\u2019ANSES (Agence nationale fran\u00e7aise de s\u00e9curit\u00e9 sanitaire) et le JRC (centre de commun de recherche de la Commission) sur la disponibilit\u00e9 et la viabilit\u00e9 d\u2019alternatives \u00bb.<\/p>\n<p>Dans un rapport publi\u00e9 le 5 mars, l\u2019ANSES n\u2019a en effet trouv\u00e9, pour plusieurs cultures, que des alternatives \u00e0 l\u2019usage de pesticides, par exemple concernant les attaques de mouches sur les cultures de betteraves.<\/p>\n","protected":false},"excerpt":{"rendered":"<p>Les \u00c9tats membres ont valid\u00e9 le 27 avril l\u2019interdiction de trois n\u00e9onicotino\u00efdes Et ce sur l\u2019ensemble des cultures en plein champ, en raison de leurs effets jug\u00e9s n\u00e9fastes sur les abeilles. La majorit\u00e9 qualifi\u00e9e a \u00e9t\u00e9 obtenue \u00e0 l\u2019issue d\u2019une r\u00e9union d\u2019un comit\u00e9 permanent en charge du sujet. D\u2019apr\u00e8s l\u2019AFP, la France, le Royaume-Uni et l\u2019Allemagne ont vot\u00e9 en faveur de la proposition de la Commission, soutenue par le Parlement europ\u00e9en. Quatre \u00c9tats jugent \u00e0 courte vue, que la production passe avant la pr\u00e9servation des abeilles, ce sont la Roumanie, la R\u00e9publique Tch\u00e8que, le Danemark et la Hongrie qui ont vot\u00e9 contre. Les trois pesticides concern\u00e9s \u2013 le clothianidine, l\u2019imidaclopride et le thiam\u00e9thoxames \u2013 faisaient d\u00e9j\u00e0 l\u2019objet d\u2019une interdiction partielle mise en place par la Commission en 2013. Le vote du 27\/04 permet non seulement d\u2019\u00e9tendre l\u2019interdiction dans le temps, mais \u00e9galement de la g\u00e9n\u00e9raliser \u00e0 l\u2019ensemble des cultures. Des exceptions sont pr\u00e9vues pour l\u2019usage de ces n\u00e9nonicotino\u00efdes au sein de serres permanentes qui pourtant devraient \u00eatre naturellement prot\u00e9g\u00e9es des insectes parasites, du fait de leur confinement. Effets n\u00e9fastes sur les abeilles \u00ab Il s\u2019agit d\u2019une \u00e9tape importante dans la protection des abeilles et des autres pollinisateurs \u00bb, s\u2019est f\u00e9licit\u00e9e [&hellip;]<\/p>\n","protected":false},"author":1,"featured_media":0,"comment_status":"open","ping_status":"open","sticky":false,"template":"","format":"standard","meta":[],"categories":[21],"tags":[],"_links":{"self":[{"href":"http:\/\/saint-andre-d-olerargues.com\/wpdossier\/wp-json\/wp\/v2\/posts\/6793"}],"collection":[{"href":"http:\/\/saint-andre-d-olerargues.com\/wpdossier\/wp-json\/wp\/v2\/posts"}],"about":[{"href":"http:\/\/saint-andre-d-olerargues.com\/wpdossier\/wp-json\/wp\/v2\/types\/post"}],"author":[{"embeddable":true,"href":"http:\/\/saint-andre-d-olerargues.com\/wpdossier\/wp-json\/wp\/v2\/users\/1"}],"replies":[{"embeddable":true,"href":"http:\/\/saint-andre-d-olerargues.com\/wpdossier\/wp-json\/wp\/v2\/comments?post=6793"}],"version-history":[{"count":2,"href":"http:\/\/saint-andre-d-olerargues.com\/wpdossier\/wp-json\/wp\/v2\/posts\/6793\/revisions"}],"predecessor-version":[{"id":6795,"href":"http:\/\/saint-andre-d-olerargues.com\/wpdossier\/wp-json\/wp\/v2\/posts\/6793\/revisions\/6795"}],"wp:attachment":[{"href":"http:\/\/saint-andre-d-olerargues.com\/wpdossier\/wp-json\/wp\/v2\/media?parent=6793"}],"wp:term":[{"taxonomy":"category","embeddable":true,"href":"http:\/\/saint-andre-d-olerargues.com\/wpdossier\/wp-json\/wp\/v2\/categories?post=6793"},{"taxonomy":"post_tag","embeddable":true,"href":"http:\/\/saint-andre-d-olerargues.com\/wpdossier\/wp-json\/wp\/v2\/tags?post=6793"}],"curies":[{"name":"wp","href":"https:\/\/api.w.org\/{rel}","templated":true}]}}