{"id":6925,"date":"2019-01-25T14:53:02","date_gmt":"2019-01-25T13:53:02","guid":{"rendered":"http:\/\/saint-andre-d-olerargues.com\/wpdossier\/?p=6925"},"modified":"2019-01-25T14:53:03","modified_gmt":"2019-01-25T13:53:03","slug":"pour-votre-sante-eteignez-votre-tele","status":"publish","type":"post","link":"http:\/\/saint-andre-d-olerargues.com\/wpdossier\/blog\/2019\/01\/25\/pour-votre-sante-eteignez-votre-tele\/","title":{"rendered":"Pour votre sant\u00e9, \u00e9teignez votre t\u00e9l\u00e9"},"content":{"rendered":"<p><img src=\"http:\/\/saint-andre-d-olerargues.com\/wpdossier\/wp-content\/uploads\/2019\/01\/Medias.jpg\"><\/p>\n<h1>Allez sur des M\u00e9dias ind\u00e9pendants<\/h1>\n<p><a href=\"https:\/\/www.mediapart.fr\/\"> Mediapart <\/a> est un site web d\u2019information et d\u2019opinion cr\u00e9\u00e9 en 2008 par Fran\u00e7ois Bonnet, G\u00e9rard Desportes, Laurent Mauduit et Edwy Plenel<\/p>\n<p><a href=\"https:\/\/www.agoravox.fr\/\"> AgoraVox <\/a> est un site Web d\u2019opinion sur l\u2019actualit\u00e9 aliment\u00e9 par des r\u00e9dacteurs volontaires et non professionnels, cr\u00e9\u00e9 par Carlo Revelli et Jo\u00ebl de Rosnay en mars 2005.<\/p>\n<p><a href=\"https:\/\/www.les-crises.fr\/\"> Les Crises <\/a> est un blog d\u2019information \u00e9conomique anim\u00e9 par l\u2019association DiaCrisis depuis 2011. Blog fond\u00e9 par Olivier Berruyer,<\/p>\n<p><a href=\"https:\/\/reseauinternational.net\/\"> R\u00e9seau International <\/a> est un site de r\u00e9flexion et de r\u00e9information.<\/p>\n<p><a href=\"https:\/\/mrmondialisation.org\/\">  Mr Mondialisation <\/a> est un think tank informel et citoyen francophone \u00e0 vis\u00e9e internationale.<\/p>\n<p><a href=\"https:\/\/lesmoutonsenrages.fr\/\"> Les moutons enrag\u00e9s <\/a> est un site web d\u2019actualit\u00e9s\/m\u00e9dias alternatif et ind\u00e9pendant.<\/p>\n<p><a href=\"https:\/\/russeurope.hypotheses.org\/\"> RussEurope <\/a> est le carnet de Jacques Sapir, \u00e9conomiste fran\u00e7ais<\/p>\n<p><a href=\"https:\/\/www.medias-presse.info\/\">  M\u00e9dias-Presse-Info <\/a> est un m\u00e9dia original qui vise la vulgarisation de l\u2019information d\u2019une mani\u00e8re d\u00e9lib\u00e9r\u00e9ment objective, libre et sans concession.<\/p>\n<p><a href=\"http:\/\/www.bastamag.net\/\">  Basta ! <\/a> est un site fran\u00e7ais d\u2019actualit\u00e9 lanc\u00e9 en 2008 traitant de l\u2019actualit\u00e9 \u00e9conomique, sociale et environnementale<\/p>\n<p><a href=\"https:\/\/www.voltairenet.org\/\"> R\u00e9seau Voltaire International <\/a> est un r\u00e9seau de presse non-align\u00e9e, sp\u00e9cialis\u00e9 dans l\u2019analyse des relations internationales, cr\u00e9\u00e9 \u00e0 l\u2019initiative de l\u2019intellectuel fran\u00e7ais Thierry Meyssan.<\/p>\n<p><a href=\"https:\/\/www.alternatives-economiques.fr\/\">  Alternatives \u00e9conomiques <\/a> a \u00e9t\u00e9 fond\u00e9e par l\u2019\u00e9conomiste Denis Clerc<\/p>\n<p><a href=\"https:\/\/reporterre.net\/\"> Reporterre <\/a> est relanc\u00e9 sur internet en 2007, afin d\u2019informer sur les liens entre la crise \u00e9cologique, les injustices sociales et les menaces sur les libert\u00e9s.<\/p>\n<p><a href=\"http:\/\/lesakerfrancophone.fr\/\">  Le Saker Francophone <\/a> est un groupe de citoyens francophones qui d\u00e9sire faire partager au public francophone des analyses venues du monde entier et exprim\u00e9es dans d\u2019autres langues.<\/p>\n<p><a href=\"http:\/\/www.alterinfo.net\/\"> Alter Info <\/a> est un journal d\u2019opinion en ligne d\u2019information alternative.<\/p>\n<p><a href=\"https:\/\/www.politis.fr\/\">  Politis <\/a> est un hebdomadaire fran\u00e7ais d\u2019actualit\u00e9s, dont la r\u00e9daction est dirig\u00e9e par Denis Sieffert depuis 1996<\/p>\n<p><a href=\"https:\/\/planetes360.fr\/\"> Planetes360 <\/a>, au del\u00e0 de l\u2019information, un autre regard sur l\u2019actualit\u00e9.<\/p>\n<p><a href=\"https:\/\/www.acrimed.org\/\">  Acrimed <\/a> (Action critique M\u00e9dias \u00bb) est une association fran\u00e7aise de critique des m\u00e9dias, proche de la gauche antilib\u00e9rale<\/p>\n<p><a href=\"https:\/\/www.investigaction.net\/fr\">  Investig\u2019Action,<\/a> c\u2019est le collectif qui anime le site michelcollon.info.<\/p>\n<p><a href=\"https:\/\/www.kaizen-magazine.com\/\">  Kaizen <\/a> est un magazine alternatif, 100% positif, pour construire un autre monde pas \u00e0 pas.<\/p>\n<p><a href=\"https:\/\/arretsurinfo.ch\/\">  Arr\u00eat sur Info <\/a> est un journal en ligne d\u2019information et d\u2019opinion.<\/p>\n<p><a href=\"https:\/\/www.fakirpresse.info\/>  Fakir <\/a> est un journal d\u2019enqu\u00eate sociale. Il n\u2019est li\u00e9 \u00e0 aucun parti, aucun syndicat, aucune institution. Il est fach\u00e9 avec tout le monde ou presque.<\/p>\n<p>&#10;&#10;&#10;<a href=\" \"=\"\" blog=\"\" www.pauljorion.com=\"\"> le blog de Paul Jorion <\/a> est titulaire de la chaire \u00ab Stewardship of Finance \u00bb \u00e0 la Vrije Universiteit Brussel.<\/p>\n<p><a href=\"https:\/\/reflets.info\/\">   Reflets <\/a> fait le pari de devenir le reflet d\u2019une soci\u00e9t\u00e9, des individus qui la composent.<\/p>\n<p><a href=\"http:\/\/www.cercledesvolontaires.fr\/\">   Cercle des Volontaires <\/a> est un collectif de citoyens engag\u00e9s pour une information libre et ind\u00e9pendante<\/p>\n<p><a href=\"https:\/\/www.ojim.fr\/\">  OJIM, <\/a> L\u2019Observatoire des journalistes et de l\u2019information m\u00e9diatique est une association loi 1901<\/p>\n<p><a href=\"https:\/\/rebellyon.info\/\">  Rebellyon <\/a> est un media alternatif, participatif et collaboratif \u00e0 Lyon g\u00e9r\u00e9 par un collectif autonome<\/p>\n<p><a href=\"http:\/\/leseconoclastes.fr\/\"> Les Econoclastes <\/a> est un think tank \u00e9conomique avec Benjamin Louvet, Jacques Sapir, Nicolas Meilhan, ou encore Steen Jakobsen dans l\u2019\u00e9quipe.<\/p>\n<p><a href=\"http:\/\/www.lagedefaire-lejournal.fr\/\"> L\u2019\u00e2ge de faire <\/a> t\u00e9moigne des exp\u00e9riences alternatives en mati\u00e8re de r\u00e9appropriation de l\u2019\u00e9conomie, de cr\u00e9ation de lien social, d\u2019\u00e9cologie et d\u2019engagement citoyen.<\/p>\n<p><a href=\"https:\/\/www.legrandsoir.info\/\"> Le Grand Soir journal <\/a> militant d\u2019information alternative<\/p>\n<p><a href=\"https:\/\/www.mondialisation.ca\/\">  Mondialisation.ca <\/a> est devenu une importante source d\u2019information sur les grands th\u00e8mes d\u2019actualit\u00e9<\/p>\n<p><a href=\"http:\/\/www.chroniquesdugrandjeu.com\/\">  chronique du Grand Jeu<\/a> La g\u00e9opolitique autrement, pour mieux la comprendre&#8230;<\/p>\n<p><a href=\"https:\/\/lilianeheldkhawam.com\/\">  le blog \u00e9conomique de Liliane Heldkhawam<\/a><\/p>\n<p><a href=\"https:\/\/www.frustrationlarevue.fr\/\">  Frustration <\/a> donnera des rep\u00e8res \u00e0 celles et ceux qui cherchent des outils pour comprendre leur propre frustration face \u00e0 la situation actuelle<\/p>\n","protected":false},"excerpt":{"rendered":"<p>Allez sur des M\u00e9dias ind\u00e9pendants Mediapart est un site web d\u2019information et d\u2019opinion cr\u00e9\u00e9 en 2008 par Fran\u00e7ois Bonnet, G\u00e9rard Desportes, Laurent Mauduit et Edwy Plenel AgoraVox est un site Web d\u2019opinion sur l\u2019actualit\u00e9 aliment\u00e9 par des r\u00e9dacteurs volontaires et non professionnels, cr\u00e9\u00e9 par Carlo Revelli et Jo\u00ebl de Rosnay en mars 2005. Les Crises est un blog d\u2019information \u00e9conomique anim\u00e9 par l\u2019association DiaCrisis depuis 2011. Blog fond\u00e9 par Olivier Berruyer, R\u00e9seau International est un site de r\u00e9flexion et de r\u00e9information. Mr Mondialisation est un think tank informel et citoyen francophone \u00e0 vis\u00e9e internationale. Les moutons enrag\u00e9s est un site web d\u2019actualit\u00e9s\/m\u00e9dias alternatif et ind\u00e9pendant. RussEurope est le carnet de Jacques Sapir, \u00e9conomiste fran\u00e7ais M\u00e9dias-Presse-Info est un m\u00e9dia original qui vise la vulgarisation de l\u2019information d\u2019une mani\u00e8re d\u00e9lib\u00e9r\u00e9ment objective, libre et sans concession. Basta ! est un site fran\u00e7ais d\u2019actualit\u00e9 lanc\u00e9 en 2008 traitant de l\u2019actualit\u00e9 \u00e9conomique, sociale et environnementale R\u00e9seau Voltaire International est un r\u00e9seau de presse non-align\u00e9e, sp\u00e9cialis\u00e9 dans l\u2019analyse des relations internationales, cr\u00e9\u00e9 \u00e0 l\u2019initiative de l\u2019intellectuel fran\u00e7ais Thierry Meyssan. Alternatives \u00e9conomiques a \u00e9t\u00e9 fond\u00e9e par l\u2019\u00e9conomiste Denis Clerc Reporterre est relanc\u00e9 sur internet en 2007, afin d\u2019informer sur les liens entre la crise \u00e9cologique, les injustices [&hellip;]<\/p>\n","protected":false},"author":1,"featured_media":0,"comment_status":"open","ping_status":"open","sticky":false,"template":"","format":"standard","meta":[],"categories":[1],"tags":[],"_links":{"self":[{"href":"http:\/\/saint-andre-d-olerargues.com\/wpdossier\/wp-json\/wp\/v2\/posts\/6925"}],"collection":[{"href":"http:\/\/saint-andre-d-olerargues.com\/wpdossier\/wp-json\/wp\/v2\/posts"}],"about":[{"href":"http:\/\/saint-andre-d-olerargues.com\/wpdossier\/wp-json\/wp\/v2\/types\/post"}],"author":[{"embeddable":true,"href":"http:\/\/saint-andre-d-olerargues.com\/wpdossier\/wp-json\/wp\/v2\/users\/1"}],"replies":[{"embeddable":true,"href":"http:\/\/saint-andre-d-olerargues.com\/wpdossier\/wp-json\/wp\/v2\/comments?post=6925"}],"version-history":[{"count":25,"href":"http:\/\/saint-andre-d-olerargues.com\/wpdossier\/wp-json\/wp\/v2\/posts\/6925\/revisions"}],"predecessor-version":[{"id":6973,"href":"http:\/\/saint-andre-d-olerargues.com\/wpdossier\/wp-json\/wp\/v2\/posts\/6925\/revisions\/6973"}],"wp:attachment":[{"href":"http:\/\/saint-andre-d-olerargues.com\/wpdossier\/wp-json\/wp\/v2\/media?parent=6925"}],"wp:term":[{"taxonomy":"category","embeddable":true,"href":"http:\/\/saint-andre-d-olerargues.com\/wpdossier\/wp-json\/wp\/v2\/categories?post=6925"},{"taxonomy":"post_tag","embeddable":true,"href":"http:\/\/saint-andre-d-olerargues.com\/wpdossier\/wp-json\/wp\/v2\/tags?post=6925"}],"curies":[{"name":"wp","href":"https:\/\/api.w.org\/{rel}","templated":true}]}}