{"id":3919,"date":"2015-01-28T11:38:20","date_gmt":"2015-01-28T10:38:20","guid":{"rendered":"http:\/\/saint-andre-d-olerargues.com\/wpdossier\/?p=3919"},"modified":"2015-07-16T15:10:40","modified_gmt":"2015-07-16T13:10:40","slug":"un-peu-dhistoire-locale-pour-ne-pas-oublier-tome-iii","status":"publish","type":"post","link":"https:\/\/saint-andre-d-olerargues.com\/wpdossier\/blog\/2015\/01\/28\/un-peu-dhistoire-locale-pour-ne-pas-oublier-tome-iii\/","title":{"rendered":"<strong>Un peu d\u2019histoire locale pour ne pas oublier. Tome III<\/strong>"},"content":{"rendered":"<h1>Et \u00e0 Saint Andr\u00e9 d\u2019Ol\u00e9rargues au 14\u00b0 si\u00e8cle \u2026<\/h1>\n<h2>Construction du ch\u00e2teau de St Andr\u00e9 d\u2019Ol\u00e9rargues<\/h2>\n<p>Les villes du nord furent plus durement touch\u00e9es, cependant le village n\u2019a pas d\u00fb \u00eatre \u00e9pargn\u00e9 \u00e0 l\u2019image du reste du pays. La mort de plus de la moiti\u00e9 de la population  a entrain\u00e9 la d\u00e9solation et la mise \u00e0 l\u2019abandon des  terres et des maisons r\u00e9duites \u00e0 l\u2019\u00e9tat de ruines. Combien de cadavres sont dans le sol qu\u2019aujourd\u2019hui nous foulons innocemment ! Tout \u00e9tait \u00e0 refaire et \u00e0 reconstruire.<\/p>\n<p>Les terres \u00e0 l\u2019abandon ont peu \u00e0 peu \u00e9t\u00e9 reprises par les survivants et ont chang\u00e9 de mains. C\u2019est aussi sans doute \u00e0 cette \u00e9poque qu\u2019une partie des terres nobles du seigneur, mais laiss\u00e9es \u00e0 l\u2019abandon sont devenues roturi\u00e8res et exploit\u00e9es par les villageois pour leur propre compte. C\u2019est aussi pourquoi, pendant les si\u00e8cles suivants, les seigneurs du lieu ont essay\u00e9 vainement de faire valoir leurs droits sur ces terres qui peu \u00e0 peu leur avaient \u00e9chapp\u00e9 et \u00e9taient r\u00e9habilit\u00e9es pas le travail patient et difficile des paysans locaux. <\/p>\n<h2>Puis en 1349 la seigneurie est r\u00e9troc\u00e9d\u00e9e \u00e0 la famille de Gardi\u00e8s, Guillaume de Gardi\u00e8s devient le propri\u00e9taire des lieux.<\/h2>\n<p><a href=\"https:\/\/saint-andre-d-olerargues.com\/wpdossier\/wp-content\/uploads\/2015\/01\/image104.jpg\"><img loading=\"lazy\" src=\"https:\/\/saint-andre-d-olerargues.com\/wpdossier\/wp-content\/uploads\/2015\/01\/image104.jpg\" alt=\"image104\" width=\"700\" height=\"301\" class=\"alignnone size-full wp-image-3920\" srcset=\"https:\/\/saint-andre-d-olerargues.com\/wpdossier\/wp-content\/uploads\/2015\/01\/image104.jpg 700w, https:\/\/saint-andre-d-olerargues.com\/wpdossier\/wp-content\/uploads\/2015\/01\/image104-300x129.jpg 300w\" sizes=\"(max-width: 700px) 100vw, 700px\" \/><\/a><br \/>\nDessin de l\u2019auteur.   <\/p>\n<p>On ne connait pas la date exacte de l\u2019\u00e9dification du ch\u00e2teau. Une date est estim\u00e9e : aux alentours de 1350 suite aux recherches entreprise par le propri\u00e9taire actuel. Il doit exister des documents dans les archives des descendants de la famille de Gardi\u00e8s, mais ils sont difficiles \u00e0 retrouver et \u00e0 consulter.<\/p>\n<p>Pour \u00e9riger une telle construction avec les moyens de l\u2019\u00e9poque, il fallut une grande d\u00e9termination et au minimum une d\u00e9cennie.<\/p>\n<p>Pour estimer la date des travaux il faut \u00e9tudier d\u2019une part, l\u2019histoire de l\u2019\u00e9poque pour y d\u00e9celer quelles ont pu \u00eatre les motivations du propri\u00e9taire pour construire une telle b\u00e2tisse. D\u2019autre part son architecture peut apporter des indications de datation.<br \/>\n<a href=\"https:\/\/saint-andre-d-olerargues.com\/wpdossier\/wp-content\/uploads\/2015\/01\/image105.png\"><img loading=\"lazy\" src=\"https:\/\/saint-andre-d-olerargues.com\/wpdossier\/wp-content\/uploads\/2015\/01\/image105.png\" alt=\"image105\" width=\"741\" height=\"483\" class=\"alignnone size-full wp-image-3921\" srcset=\"https:\/\/saint-andre-d-olerargues.com\/wpdossier\/wp-content\/uploads\/2015\/01\/image105.png 741w, https:\/\/saint-andre-d-olerargues.com\/wpdossier\/wp-content\/uploads\/2015\/01\/image105-300x196.png 300w\" sizes=\"(max-width: 741px) 100vw, 741px\" \/><\/a><\/p>\n<h2>Sur le plan historique, <\/h2>\n<p>On peut dire que ceux qui ont surv\u00e9cu \u00e0 la famine durent faire face \u00e0 la peste et les survivants durent subir les pillages, meurtres et viols des routiers et des brigands pendant la guerre de 100 ans. Pour rappel la guerre dura cent ans mais pas les combats. Il y eu de longues p\u00e9riodes ou la \u00ab soldatesque \u00bb  ne combattait pas, ni pour un camp, ni pour l\u2019autre. Ces routiers livr\u00e9s \u00e0 eux-m\u00eames pillaient les villages et l\u2019ins\u00e9curit\u00e9 \u00e9tait grande.<\/p>\n<p>Dans ce climat on peut ais\u00e9ment imaginer que le seigneur du lieu ait voulu construire un habitat s\u00fbr pour  prot\u00e9ger ses gens et ses serfs, voire pour stocker ses r\u00e9coltes. De plus le ch\u00e2teau \u00e9tait pour lui un abri s\u00e9curis\u00e9 pendant ses d\u00e9placements.<br \/>\nDonc historiquement cette p\u00e9riode est propice \u00e0 la construction d\u2019une b\u00e2tisse fortifi\u00e9e.<\/p>\n<h2>Sur le plan architectural, <\/h2>\n<p>Il faut remarquer que cette construction a \u00e9t\u00e9 beaucoup modifi\u00e9e au cours des si\u00e8cles. Les ouvertures initiales obtur\u00e9es et les cr\u00e9ations de nouvelles ouvertures sont nombreuses.<br \/>\nSi la fa\u00e7ade pr\u00e9sente de nombreuses ouvertures utilis\u00e9es pour des armes \u00e0 feu il a aussi des meurtri\u00e8res et arch\u00e8res pour des tirs de d\u00e9fense \u00e0 l\u2019arbal\u00e8te et \u00e0 l\u2019arc. Ces derni\u00e8res sont implant\u00e9es au premier niveau, les bouches \u00e0 feu sont plus hautes et ont \u00e9t\u00e9 ajout\u00e9es plus tardivement.<br \/>\n<a href=\"https:\/\/saint-andre-d-olerargues.com\/wpdossier\/wp-content\/uploads\/2015\/01\/image105.jpg\"><img loading=\"lazy\" src=\"https:\/\/saint-andre-d-olerargues.com\/wpdossier\/wp-content\/uploads\/2015\/01\/image105.jpg\" alt=\"image105\" width=\"380\" height=\"251\" class=\"alignnone size-full wp-image-3922\" srcset=\"https:\/\/saint-andre-d-olerargues.com\/wpdossier\/wp-content\/uploads\/2015\/01\/image105.jpg 380w, https:\/\/saint-andre-d-olerargues.com\/wpdossier\/wp-content\/uploads\/2015\/01\/image105-300x198.jpg 300w\" sizes=\"(max-width: 380px) 100vw, 380px\" \/><\/a><br \/>\nExemple d\u2019une porte d\u2019acc\u00e9s faite tardivement et d\u2019une meurtri\u00e8re d\u2019origine<\/p>\n<p><a href=\"https:\/\/saint-andre-d-olerargues.com\/wpdossier\/wp-content\/uploads\/2015\/01\/image106.jpg\"><img loading=\"lazy\" src=\"https:\/\/saint-andre-d-olerargues.com\/wpdossier\/wp-content\/uploads\/2015\/01\/image106.jpg\" alt=\"image106\" width=\"470\" height=\"246\" class=\"alignnone size-full wp-image-3923\" srcset=\"https:\/\/saint-andre-d-olerargues.com\/wpdossier\/wp-content\/uploads\/2015\/01\/image106.jpg 470w, https:\/\/saint-andre-d-olerargues.com\/wpdossier\/wp-content\/uploads\/2015\/01\/image106-300x157.jpg 300w\" sizes=\"(max-width: 470px) 100vw, 470px\" \/><\/a><br \/>\nMeurtri\u00e8re d\u2019origine<br \/>\n<a href=\"https:\/\/saint-andre-d-olerargues.com\/wpdossier\/wp-content\/uploads\/2015\/01\/image107.jpg\"><img loading=\"lazy\" src=\"https:\/\/saint-andre-d-olerargues.com\/wpdossier\/wp-content\/uploads\/2015\/01\/image107.jpg\" alt=\"image107\" width=\"392\" height=\"364\" class=\"alignnone size-full wp-image-3924\" srcset=\"https:\/\/saint-andre-d-olerargues.com\/wpdossier\/wp-content\/uploads\/2015\/01\/image107.jpg 392w, https:\/\/saint-andre-d-olerargues.com\/wpdossier\/wp-content\/uploads\/2015\/01\/image107-300x279.jpg 300w\" sizes=\"(max-width: 392px) 100vw, 392px\" \/><\/a><br \/>\nMeurtri\u00e8re obtur\u00e9e<\/p>\n<p>Il y a ensuite \u00ab la bret\u00e8che \u00bb implant\u00e9e sur la tour centrale qui servait de d\u00e9fense de la porte principale. La bret\u00e8che assez courante depuis le Xe si\u00e8cle est devenue un dispositif pr\u00e9pond\u00e9rant en mati\u00e8re de flanquement \u00e0 partir du XIIIe si\u00e8cle.<br \/>\nElle voit son d\u00e9clin en mati\u00e8re d\u2019\u00e9l\u00e9ments d\u00e9fensifs au XVe si\u00e8cle avec l\u2019utilisation de la poudre \u00e0 canon. Il n\u2019est plus besoin de d\u00e9fendre une porte depuis le dessus, puisqu\u2019elle peut \u00eatre d\u00e9truite \u00e0 distance par une bombarde.<br \/>\n<a href=\"https:\/\/saint-andre-d-olerargues.com\/wpdossier\/wp-content\/uploads\/2015\/01\/image106.png\"><img loading=\"lazy\" src=\"https:\/\/saint-andre-d-olerargues.com\/wpdossier\/wp-content\/uploads\/2015\/01\/image106.png\" alt=\"image106\" width=\"223\" height=\"240\" class=\"alignnone size-full wp-image-3926\" \/><\/a><br \/>\nLa bret\u00e8che, que l\u2019on aper\u00e7oit sur la tour hexagonale centrale, servait \u00e0 d\u00e9fendre le pied de la tour o\u00f9 se trouvait la porte d\u2019entr\u00e9e en faisant tomber sur les assaillants : pierres, huiles bouillantes et autres projectiles.<\/p>\n<p>On peut donc estimer que la construction du ch\u00e2teau date du milieu du XIVe si\u00e8cle.<\/p>\n<p>Marthe Moreau dans la revue \u00ab Les ch\u00e2teaux du Gard \u00bb aux Presses du Languedoc, d\u00e9crit ainsi le ch\u00e2teau.<br \/>\n\u00ab Le ch\u00e2teau est bien conserv\u00e9 dans l&rsquo;ensemble, mais d\u00e9figur\u00e9 par des maisons construites tout autour. Il est int\u00e9ressant car il a gard\u00e9 son authenticit\u00e9, ayant \u00e9t\u00e9 \u00e9pargn\u00e9 par la R\u00e9volution et les restaurations intempestives du XIXe si\u00e8cle. Il est b\u00e2ti sur un plan carr\u00e9 avec quatre tours rondes aux angles. Partout une profusion d&rsquo;arch\u00e8res, de canonni\u00e8res, d&rsquo;ouvertures \u00e0 meneaux. Huit meurtri\u00e8res sur une seule tour. Sur la fa\u00e7ade sud, entre les deux tours rondes, une tour hexagonale contient l&rsquo;escalier \u00e0 vis. Elle est perc\u00e9e d&rsquo;une porte, mur\u00e9e dans sa partie inf\u00e9rieure et prot\u00e9g\u00e9e par une bret\u00e8che. La tour sud-ouest, qui servait de pigeonnier, avait une centaine de trous qui ont \u00e9t\u00e9 bouch\u00e9s. \u00bb<\/p>\n<p><a href=\"https:\/\/saint-andre-d-olerargues.com\/wpdossier\/wp-content\/uploads\/2015\/01\/image108.jpg\"><img loading=\"lazy\" src=\"https:\/\/saint-andre-d-olerargues.com\/wpdossier\/wp-content\/uploads\/2015\/01\/image108.jpg\" alt=\"image108\" width=\"605\" height=\"404\" class=\"alignnone size-full wp-image-3925\" srcset=\"https:\/\/saint-andre-d-olerargues.com\/wpdossier\/wp-content\/uploads\/2015\/01\/image108.jpg 605w, https:\/\/saint-andre-d-olerargues.com\/wpdossier\/wp-content\/uploads\/2015\/01\/image108-300x200.jpg 300w\" sizes=\"(max-width: 605px) 100vw, 605px\" \/><\/a><br \/>\nPhoto a\u00e9rienne de Pascal Bono.<br \/>\nPour en savoir plus voir : <a href=\"http:\/\/www.saint-andre-d-olerargues.com\/\">Site historique de la commune de Saint-Andr\u00e9 d\u2019Ol\u00e9rargues (Gard) <\/a><\/p>\n","protected":false},"excerpt":{"rendered":"<p>Et \u00e0 Saint Andr\u00e9 d\u2019Ol\u00e9rargues au 14\u00b0 si\u00e8cle \u2026 Construction du ch\u00e2teau de St Andr\u00e9 d\u2019Ol\u00e9rargues Les villes du nord furent plus durement touch\u00e9es, cependant le village n\u2019a pas d\u00fb \u00eatre \u00e9pargn\u00e9 \u00e0 l\u2019image du reste du pays. La mort de plus de la moiti\u00e9 de la population a entrain\u00e9 la d\u00e9solation et la mise \u00e0 l\u2019abandon des terres et des maisons r\u00e9duites \u00e0 l\u2019\u00e9tat de ruines. Combien de cadavres sont dans le sol qu\u2019aujourd\u2019hui nous foulons innocemment ! Tout \u00e9tait \u00e0 refaire et \u00e0 reconstruire. Les terres \u00e0 l\u2019abandon ont peu \u00e0 peu \u00e9t\u00e9 reprises par les survivants et ont chang\u00e9 de mains. C\u2019est aussi sans doute \u00e0 cette \u00e9poque qu\u2019une partie des terres nobles du seigneur, mais laiss\u00e9es \u00e0 l\u2019abandon sont devenues roturi\u00e8res et exploit\u00e9es par les villageois pour leur propre compte. C\u2019est aussi pourquoi, pendant les si\u00e8cles suivants, les seigneurs du lieu ont essay\u00e9 vainement de faire valoir leurs droits sur ces terres qui peu \u00e0 peu leur avaient \u00e9chapp\u00e9 et \u00e9taient r\u00e9habilit\u00e9es pas le travail patient et difficile des paysans locaux. Puis en 1349 la seigneurie est r\u00e9troc\u00e9d\u00e9e \u00e0 la famille de Gardi\u00e8s, Guillaume de Gardi\u00e8s devient le propri\u00e9taire des lieux. Dessin de l\u2019auteur. On ne [&hellip;]<\/p>\n","protected":false},"author":1,"featured_media":0,"comment_status":"open","ping_status":"open","sticky":false,"template":"","format":"standard","meta":[],"categories":[6],"tags":[],"_links":{"self":[{"href":"https:\/\/saint-andre-d-olerargues.com\/wpdossier\/wp-json\/wp\/v2\/posts\/3919"}],"collection":[{"href":"https:\/\/saint-andre-d-olerargues.com\/wpdossier\/wp-json\/wp\/v2\/posts"}],"about":[{"href":"https:\/\/saint-andre-d-olerargues.com\/wpdossier\/wp-json\/wp\/v2\/types\/post"}],"author":[{"embeddable":true,"href":"https:\/\/saint-andre-d-olerargues.com\/wpdossier\/wp-json\/wp\/v2\/users\/1"}],"replies":[{"embeddable":true,"href":"https:\/\/saint-andre-d-olerargues.com\/wpdossier\/wp-json\/wp\/v2\/comments?post=3919"}],"version-history":[{"count":2,"href":"https:\/\/saint-andre-d-olerargues.com\/wpdossier\/wp-json\/wp\/v2\/posts\/3919\/revisions"}],"predecessor-version":[{"id":3945,"href":"https:\/\/saint-andre-d-olerargues.com\/wpdossier\/wp-json\/wp\/v2\/posts\/3919\/revisions\/3945"}],"wp:attachment":[{"href":"https:\/\/saint-andre-d-olerargues.com\/wpdossier\/wp-json\/wp\/v2\/media?parent=3919"}],"wp:term":[{"taxonomy":"category","embeddable":true,"href":"https:\/\/saint-andre-d-olerargues.com\/wpdossier\/wp-json\/wp\/v2\/categories?post=3919"},{"taxonomy":"post_tag","embeddable":true,"href":"https:\/\/saint-andre-d-olerargues.com\/wpdossier\/wp-json\/wp\/v2\/tags?post=3919"}],"curies":[{"name":"wp","href":"https:\/\/api.w.org\/{rel}","templated":true}]}}