{"id":4616,"date":"2015-07-15T09:29:53","date_gmt":"2015-07-15T07:29:53","guid":{"rendered":"http:\/\/saint-andre-d-olerargues.com\/wpdossier\/?p=4616"},"modified":"2015-07-15T09:30:50","modified_gmt":"2015-07-15T07:30:50","slug":"grece-ii-quen-pense-varoufakis","status":"publish","type":"post","link":"https:\/\/saint-andre-d-olerargues.com\/wpdossier\/blog\/2015\/07\/15\/grece-ii-quen-pense-varoufakis\/","title":{"rendered":"Gr\u00e8ce II. Qu\u2019en pense Varoufakis"},"content":{"rendered":"<p><a href=\"https:\/\/saint-andre-d-olerargues.com\/wpdossier\/wp-content\/uploads\/2015\/07\/Favourakis.jpg\"><img loading=\"lazy\" src=\"https:\/\/saint-andre-d-olerargues.com\/wpdossier\/wp-content\/uploads\/2015\/07\/Favourakis.jpg\" alt=\"Favourakis\" width=\"620\" height=\"413\" class=\"alignnone size-full wp-image-4617\" srcset=\"https:\/\/saint-andre-d-olerargues.com\/wpdossier\/wp-content\/uploads\/2015\/07\/Favourakis.jpg 620w, https:\/\/saint-andre-d-olerargues.com\/wpdossier\/wp-content\/uploads\/2015\/07\/Favourakis-300x200.jpg 300w\" sizes=\"(max-width: 620px) 100vw, 620px\" \/><\/a><br \/>\nYanis Varoufakis \u00a9 Reuters<br \/>\nSource : Trends-Tendances<\/p>\n<h2>L&rsquo;ancien ministre grec des Finances Yanis Varoufakis a donn\u00e9 une interview \u00e0 la radio ABC, dans l&rsquo;\u00e9misssion Late Night Live. <\/h2>\n<p>Il ne s&rsquo;est pas montr\u00e9 tendre envers l&rsquo;accord de renflouement &#8211; d&rsquo;une valeur de 86 milliards d&rsquo;euros &#8211; que le gouvernement grec a accept\u00e9. Yanis Varoufakis d\u00e9crit l&rsquo;accord avec les cr\u00e9anciers et les autres pays membres de la zone euro comme &lsquo;un nouveau Trait\u00e9 de Versailles&rsquo;. Une d\u00e9claration audacieuse, \u00e9tant donn\u00e9 que le Trait\u00e9 de Versailles sign\u00e9 apr\u00e8s l&rsquo;armistice en 1918 fut consid\u00e9r\u00e9 par les Allemands comme humiliant, et a men\u00e9 au conflit mondial suivant entre 1940 et 1945.<\/p>\n<h1> \u00ab Une humiliation \u00bb<\/h1>\n<p>C&rsquo;est pr\u00e9cis\u00e9ment le sujet de \u00ab\u00a0l&rsquo;humiliation\u00a0\u00bb que Varoufakis met en avant pour d\u00e9noncer la politique commune de la Tro\u00efka &#8211; l&rsquo;UE, le FMI et la BCE.<\/p>\n<p> \u00ab\u00a0C&rsquo;est la politique de l&rsquo;humiliation\u00a0\u00bb, dit Varoufakis dans cet interview radiophonique<br \/>\n.<br \/>\n\u00ab\u00a0La Tro\u00efka veut \u00eatre certaine qu&rsquo;elle fera avaler \u00e0 Alexis Tsipras chaque mot critique qu&rsquo;il pronon\u00e7a au cours des cinq derni\u00e8res ann\u00e9es \u00e0 l&rsquo;adresse de la Tro\u00efka. Pas seulement au cours des six derniers mois alors qu&rsquo;il faisait partie du gouvernement, mais aussi les critiques qu&rsquo;il a prononc\u00e9es pendant les ann\u00e9es qui ont pr\u00e9c\u00e9d\u00e9.\u00a0\u00bb<\/p>\n<p>\u00ab\u00a0Ceci n&rsquo;a rien \u00e0 voir avec l&rsquo;\u00e9conomie. Ceci n&rsquo;a rien \u00e0 voir avec une aide pour remettre la Gr\u00e8ce sur la voie du r\u00e9tablissement. Ceci est un nouveau Trait\u00e9 de Versailles, un fant\u00f4me qui hante \u00e0 nouveau l&rsquo;Europe, et le Premier ministre le sait. Il sait qu&rsquo;il est damn\u00e9 s&rsquo;il marque son accord, et il sait qu&rsquo;il est damn\u00e9 s&rsquo;il ne marque pas son accord\u00a0\u00bb, ajoute l&rsquo;ex-ministre grec des Finances.<br \/>\nL&rsquo;accord conclu avec les dirigeants de l&rsquo;Eurozone contient de lourdes mesures d&rsquo;aust\u00e9rit\u00e9 qui concernent les pensions, des augmentations d&rsquo;imp\u00f4ts et la recapitalisation des banques grecques.<br \/>\nEn 67, on utilisa des tanks pour saper la d\u00e9mocratie, maintenant ce sont les banques<\/p>\n<h1>Un coup d&rsquo;Etat<\/h1>\n<p>Yanis Varoufakis rejette l&rsquo;accord en des termes tr\u00e8s muscl\u00e9s. Il fait une comparaison avec le coup d&rsquo;Etat des colonels de 1967, qui a inaugur\u00e9 une dictature militaire dans la nation de la Mer M\u00e9diterran\u00e9enne. Selon lui, il s&rsquo;agit dans les deux cas d&rsquo;un coup d&rsquo;Etat. <\/p>\n<p>\u00ab\u00a0En 1967, on utilisa des tanks pour saper la d\u00e9mocratie, maintenant ce sont les banques qui le font. Les banques ont \u00e9t\u00e9 utilis\u00e9es par des puissances \u00e9trang\u00e8res pour prendre le contr\u00f4le du gouvernement. La diff\u00e9rence cette fois-ci, c&rsquo;est qu&rsquo;elles prennent le contr\u00f4le sur tous les biens publics.\u00a0\u00bb<\/p>\n<h1>\u00ab\u00a0La poursuite du renforcement d&rsquo;Aube Dor\u00e9e\u00a0\u00bb<\/h1>\n<p>Varoufakis pr\u00e9cise encore dans l&rsquo;interview qu&rsquo;il veut continuer \u00e0 remplir son r\u00f4le en tant que d\u00e9put\u00e9 d&rsquo;arri\u00e8re-plan au parlement, o\u00f9 il re\u00e7oit \u00ab\u00a0beaucoup plus d&rsquo;espace pour manoeuvrer et pour mettre la v\u00e9rit\u00e9 en lumi\u00e8re\u00a0\u00bb. Toutefois, pr\u00e9vient-il, les nouvelles mesures d&rsquo;aust\u00e9rit\u00e9 am\u00e8neront l&rsquo;extr\u00eame droite en lice. \u00ab\u00a0Au parlement, j&rsquo;ai observ\u00e9 le c\u00f4t\u00e9 droit de l&rsquo;auditorium, o\u00f9 si\u00e8gent les 10 nazis, repr\u00e9sentant \u00ab\u00a0Aube Dor\u00e9e\u00a0\u00bb. Si notre parti Syriza, qui a suscit\u00e9 tellement d&rsquo;espoir en Gr\u00e8ce, trahit cet espoir et incline la t\u00eate devant cette nouvelle forme d&rsquo;occupation post-moderne, alors je ne peux pas pr\u00e9voir d&rsquo;autre r\u00e9sultat possible que la poursuite du renforcement d&rsquo;Aube Dor\u00e9e\u00a0\u00bb, l\u00e2che-t-il. Selon Varoufakis, Aube Dor\u00e9e tirera les b\u00e9n\u00e9fices du sentiment anti-aust\u00e9rit\u00e9 dans le pays: \u00ab\u00a0tragique\u00a0\u00bb. \u00ab\u00a0Le projet d&rsquo;une d\u00e9mocratie Europ\u00e9enne, d&rsquo;une Union d\u00e9mocratique Europ\u00e9enne unie, vient d&rsquo;\u00eatre frapp\u00e9e par une catastrophe majeure\u00a0\u00bb, conclut Yanis Varoufakis.<\/p>\n","protected":false},"excerpt":{"rendered":"<p>Yanis Varoufakis \u00a9 Reuters Source : Trends-Tendances L&rsquo;ancien ministre grec des Finances Yanis Varoufakis a donn\u00e9 une interview \u00e0 la radio ABC, dans l&rsquo;\u00e9misssion Late Night Live. Il ne s&rsquo;est pas montr\u00e9 tendre envers l&rsquo;accord de renflouement &#8211; d&rsquo;une valeur de 86 milliards d&rsquo;euros &#8211; que le gouvernement grec a accept\u00e9. Yanis Varoufakis d\u00e9crit l&rsquo;accord avec les cr\u00e9anciers et les autres pays membres de la zone euro comme &lsquo;un nouveau Trait\u00e9 de Versailles&rsquo;. Une d\u00e9claration audacieuse, \u00e9tant donn\u00e9 que le Trait\u00e9 de Versailles sign\u00e9 apr\u00e8s l&rsquo;armistice en 1918 fut consid\u00e9r\u00e9 par les Allemands comme humiliant, et a men\u00e9 au conflit mondial suivant entre 1940 et 1945. \u00ab Une humiliation \u00bb C&rsquo;est pr\u00e9cis\u00e9ment le sujet de \u00ab\u00a0l&rsquo;humiliation\u00a0\u00bb que Varoufakis met en avant pour d\u00e9noncer la politique commune de la Tro\u00efka &#8211; l&rsquo;UE, le FMI et la BCE. \u00ab\u00a0C&rsquo;est la politique de l&rsquo;humiliation\u00a0\u00bb, dit Varoufakis dans cet interview radiophonique . \u00ab\u00a0La Tro\u00efka veut \u00eatre certaine qu&rsquo;elle fera avaler \u00e0 Alexis Tsipras chaque mot critique qu&rsquo;il pronon\u00e7a au cours des cinq derni\u00e8res ann\u00e9es \u00e0 l&rsquo;adresse de la Tro\u00efka. Pas seulement au cours des six derniers mois alors qu&rsquo;il faisait partie du gouvernement, mais aussi les critiques qu&rsquo;il a prononc\u00e9es pendant les ann\u00e9es qui [&hellip;]<\/p>\n","protected":false},"author":1,"featured_media":0,"comment_status":"open","ping_status":"open","sticky":false,"template":"","format":"standard","meta":[],"categories":[21,22],"tags":[],"_links":{"self":[{"href":"https:\/\/saint-andre-d-olerargues.com\/wpdossier\/wp-json\/wp\/v2\/posts\/4616"}],"collection":[{"href":"https:\/\/saint-andre-d-olerargues.com\/wpdossier\/wp-json\/wp\/v2\/posts"}],"about":[{"href":"https:\/\/saint-andre-d-olerargues.com\/wpdossier\/wp-json\/wp\/v2\/types\/post"}],"author":[{"embeddable":true,"href":"https:\/\/saint-andre-d-olerargues.com\/wpdossier\/wp-json\/wp\/v2\/users\/1"}],"replies":[{"embeddable":true,"href":"https:\/\/saint-andre-d-olerargues.com\/wpdossier\/wp-json\/wp\/v2\/comments?post=4616"}],"version-history":[{"count":1,"href":"https:\/\/saint-andre-d-olerargues.com\/wpdossier\/wp-json\/wp\/v2\/posts\/4616\/revisions"}],"predecessor-version":[{"id":4618,"href":"https:\/\/saint-andre-d-olerargues.com\/wpdossier\/wp-json\/wp\/v2\/posts\/4616\/revisions\/4618"}],"wp:attachment":[{"href":"https:\/\/saint-andre-d-olerargues.com\/wpdossier\/wp-json\/wp\/v2\/media?parent=4616"}],"wp:term":[{"taxonomy":"category","embeddable":true,"href":"https:\/\/saint-andre-d-olerargues.com\/wpdossier\/wp-json\/wp\/v2\/categories?post=4616"},{"taxonomy":"post_tag","embeddable":true,"href":"https:\/\/saint-andre-d-olerargues.com\/wpdossier\/wp-json\/wp\/v2\/tags?post=4616"}],"curies":[{"name":"wp","href":"https:\/\/api.w.org\/{rel}","templated":true}]}}