{"id":5056,"date":"2015-11-16T17:31:28","date_gmt":"2015-11-16T16:31:28","guid":{"rendered":"http:\/\/saint-andre-d-olerargues.com\/wpdossier\/?p=5056"},"modified":"2015-11-16T17:31:28","modified_gmt":"2015-11-16T16:31:28","slug":"il-faut-parler-et-reparler-de-la-dette","status":"publish","type":"post","link":"https:\/\/saint-andre-d-olerargues.com\/wpdossier\/blog\/2015\/11\/16\/il-faut-parler-et-reparler-de-la-dette\/","title":{"rendered":"Il faut parler et reparler de \u00ab La dette \u00bb"},"content":{"rendered":"<p><a href=\"https:\/\/saint-andre-d-olerargues.com\/wpdossier\/wp-content\/uploads\/2015\/11\/dette6.jpg\"><img loading=\"lazy\" src=\"https:\/\/saint-andre-d-olerargues.com\/wpdossier\/wp-content\/uploads\/2015\/11\/dette6.jpg\" alt=\"dette6\" width=\"452\" height=\"337\" class=\"alignnone size-full wp-image-5057\" srcset=\"https:\/\/saint-andre-d-olerargues.com\/wpdossier\/wp-content\/uploads\/2015\/11\/dette6.jpg 452w, https:\/\/saint-andre-d-olerargues.com\/wpdossier\/wp-content\/uploads\/2015\/11\/dette6-300x224.jpg 300w\" sizes=\"(max-width: 452px) 100vw, 452px\" \/><\/a><br \/>\nSource : Mickael &#8211; Fondateur de News360x &#8211;<\/p>\n<h1>Mardi 10 Novembre dernier, France 5 diffusait: \u00ab La dette, chronique d\u2019une gangr\u00e8ne \u00bb. <\/h1>\n<p>Mais le titre aurait tout aussi bien \u00eatre: \u00ab La dette: 40 ans d\u2019enfumage et d\u2019esbroufes \u00bb<\/p>\n<h2>D\u00e9cryptage :<\/h2>\n<p>Le documentaire d\u00e9marre l\u2019histoire de la dette en 1974, ce qui pose forc\u00e9ment probl\u00e8me, puisque cela occulte l\u2019ann\u00e9e 1973, plus particuli\u00e8rement le 3 janvier 1973, date de la loi Val\u00e9ry Giscard d\u2019Estaing (valet de la finance) qui va obliger l\u2019\u00e9tat Fran\u00e7ais \u00e0 emprunter \u00e0 des banques priv\u00e9es, l\u00e0 ou avant elle pouvait emprunter \u00e0 la banque de France \u00e0 taux z\u00e9ro, ce qui fait \u00e9videmment une grosse diff\u00e9rence, puisque depuis cette date, la France doit payer des int\u00e9r\u00eats aux banques, l\u00e0 o\u00f9 elle n\u2019en avait pas l\u2019obligation avant !!!<\/p>\n<p>On apprend dans le reportage une autre info hallucinante !<\/p>\n<p>M\u00eame lorsqu\u2019on en a d\u00e9j\u00e0 connaissance, le fait de l\u2019entendre de la bouche d\u2019un des responsables, cr\u00e9e encore un choc. <\/p>\n<p>Explication: <\/p>\n<p>Vous avez surement entendu parler des 3% de d\u00e9ficit maxi de PIB impos\u00e9 par l\u2019Union Europ\u00e9enne. Savez-vous d\u2019o\u00f9 ce chiffre provient et comment il a \u00e9t\u00e9 calcul\u00e9? Il remonte aux ann\u00e9es Mitterrand o\u00f9 des conseillers ont d\u00e9cid\u00e9, comme cela, en une heure, sans \u00e9tude technique\/\u00e9conomique pr\u00e9alable, que le chiffre de 3%, c\u2019\u00e9tait simple, donc c\u2019\u00e9tait bien.<\/p>\n<p>On croit r\u00eaver! <\/p>\n<p>Et depuis ce chiffre a \u00e9t\u00e9 repris par l\u2019Union Europ\u00e9enne. Un chiffre qui ne repose sur rien, sans aucun fondement, et qui n\u2019a donc aucune cr\u00e9dibilit\u00e9.<\/p>\n<h1> L\u2019incomp\u00e9tence des hommes politiques ou la complicit\u00e9 avec les banques ?<\/h1>\n<p>Plus loin dans le reportage, entendre dire de la part d\u2019un ancien premier ministre que les socialistes n\u2019avaient pas tout compris aux travaux de l\u2019\u00e9conomiste Milton Friedman, mais qu\u2019ils en ont quand m\u00eame appliqu\u00e9s les principes : on se dit qu\u2019on est dans un cauchemar \u00e9veill\u00e9, un mauvais film, mais c\u2019est bien ce qu\u2019ils ont fait !!!<br \/>\nPuis entendre qu\u2019un des combats des hommes politiques \u00e9taient de faire baisser les taux d\u2019int\u00e9r\u00eats des emprunts de la France, alors qu\u2019 ils auraient pu \u00eatre de taux z\u00e9ro sans la loi du 3 janvier 1973, loi que rien n\u2019obligeait \u00e0 voter, et que rien n\u2019emp\u00eachait d\u2019abolir, rel\u00e8ve du non-sens total !!!<\/p>\n<p>Seule conclusion possible de cet \u00e9tat de fait: soit les banques \u00e9taient d\u00e9j\u00e0 tr\u00e8s puissantes au point d\u2019obliger l\u2019\u00e9tat \u00e0 payer des int\u00e9r\u00eats aux banques priv\u00e9es, soit les politiques au pouvoir \u00e9taient complices de ce syst\u00e8me ou totalement incomp\u00e9tents. <\/p>\n<p>Cons\u00e9quences: pour renflouer ses caisses, la France revend des banques qu\u2019elle avait privatis\u00e9es. Les banquiers vont donc reprendre leur libert\u00e9, et pouvoir s\u2019engraisser un peu plus.<\/p>\n<p>Une bonne blague sur la construction Europ\u00e9enne: Mitterrand pensait (ou du moins confiait) qu\u2019elle devait prot\u00e9ger la France de la mondialisation. Cela devait aussi emp\u00eacher les \u00e9tats de se faire une concurrence qui les oblige \u00e0 s\u2019endetter sans limite. Force est de constater que rien n\u2019a march\u00e9 et que c\u2019est m\u00eame tout le contraire qui s\u2019est pass\u00e9 : alors les hommes politiques, incomp\u00e9tents, ou complices de la finance? C\u2019est forc\u00e9ment un de ces deux choix.<\/p>\n<p>[ \u2026 ] Au d\u00e9but des ann\u00e9es 90, les hommes politiques au pouvoir ne juraient que par un Franc fort, et une France forte. Avaient-ils raison? L\u2019histoire leur donne tort sur la monnaie forte. Mais aujourd\u2019hui, on est dans une situation o\u00f9 les marges de man\u0153uvres se sont r\u00e9duites \u00e0 peau de chagrin, l\u2019impossibilit\u00e9 de pouvoir ajuster sa monnaie, puisque la France en a perdu la souverainet\u00e9. La France s\u2019est aussi consid\u00e9rablement affaiblie.<\/p>\n<h1>L\u2019incomp\u00e9tence perdure<\/h1>\n<p>Dans le second \u00e9pisode du documentaire, le prix Nobel d\u2019\u00e9conomie, Paul Krugman raconte qu\u2019il avait averti des dangers de la monnaie unique, mais il n\u2019a pas \u00e9t\u00e9 \u00e9cout\u00e9. Seul l\u2019enjeu politique a \u00e9t\u00e9 pris en consid\u00e9ration, au m\u00e9pris des r\u00e9alit\u00e9s \u00e9conomiques. Paul Krugman a d\u2019ailleurs publi\u00e9 des livres et articles de presse ou il d\u00e9nonce la catastrophe de l\u2019Euro.<\/p>\n<p>On notera la mauvaise foi d\u2019Henri Emmanuelli qui pense que la situation de la France serait pire sans l\u2019Euro, et d\u2019un Edouard Balladur qui affirme que la Gr\u00e8ce ne s\u2019en serait pas sortie sans l\u2019Euro.<\/p>\n<p>Mais monsieur Balladur: pensez-vous que les Grecs s\u2019en sortent aujourd\u2019hui avec l\u2019Euro?<\/p>\n<p> Le pays a \u00e9t\u00e9 lamin\u00e9 par la dette, tous les biens publics vendus, les populations ruin\u00e9es, humili\u00e9es, poussant nombreuses personnes au suicide, des populations que les cr\u00e9anciers veulent maintenant exproprier, jeter \u00e0 la rue si elles ne r\u00e8glent pas leur dette.<\/p>\n<p>C\u2019est \u00e7a que vous appelez \u00ab survivre \u00bb?<\/p>\n<p>M\u00eame cynisme chez Jean Arthuis, ancien ministre des finances qui pense que tout va bien et que l\u2019euro a anesth\u00e9si\u00e9 les march\u00e9s financiers et les agences de notation! Incroyable d\u2019entendre cela.<\/p>\n<p>Pas mieux pour Pierre Moscovici ayant occup\u00e9 les m\u00eames fonctions et qui d\u00e9clare \u00ab j\u2019ai toujours pens\u00e9 que la dette publique est l\u2019ennemi de l\u2019\u00e9conomie \u00bb, alors qu\u2019il a lui-m\u00eame contribu\u00e9 \u00e0 augmenter cette dette. <\/p>\n<p>Aujourd\u2019hui Moscovici est commissaire europ\u00e9en et c\u2019est lui qui d\u00e9clare vouloir infliger des amendes \u00e0 la France, pays qu\u2019il a contribu\u00e9 \u00e0 endetter, au pr\u00e9texte que la France ne respecte pas la limite des 3% de d\u00e9ficit du PIB!<br \/>\nM\u00eame face \u00e0 l\u2019\u00e9vidence, ces hommes politiques sont dans le d\u00e9ni le plus total : jamais ils n\u2019ont le moindre doute, le moindre remord, le moindre repenti, la moindre excuse pour tous ces mensonges et le mal qu\u2019ils ont fait \u00e0 des millions de gens !!!<\/p>\n<p>Tout aussi stup\u00e9fiant, Henri Sterdyniak, \u00e9conomiste et conseiller l\u2019OFCE, d\u00e9clare: \u00ab on n\u2019est pas dans une situation ou brutalement les cr\u00e9anciers viendraient nous r\u00e9clamer le montant de cette cr\u00e9ance [ ] Il n\u2019y aura pas un jour ou les cr\u00e9anciers vont fondre sur nos enfants, petits-enfants en disant \u00ab Remboursez la dette \u00bb \u00bb. <\/p>\n<p>Mr Sterdyniak a peut-\u00eatre oubli\u00e9 d\u2019allumer sa t\u00e9l\u00e9 lorsque la Gr\u00e8ce a \u00e9t\u00e9 somm\u00e9e de rembourser sur le champ ses dettes dans le courant 2015? Alors peut \u00eatre les cr\u00e9anciers ne r\u00e9clameront pas \u00e0 nos enfants ou petits-enfants, mais \u00e0 ce moment-l\u00e0, ils viendront nous r\u00e9clamer \u00e0 nous directement leurs cr\u00e9ances, sans m\u00eame attendre que nos enfants, petits enfant n\u2019aient eu le temps de grandir.<\/p>\n<p>En conclusion: les hommes politiques nous m\u00e8nent en bateau, ils le d\u00e9montrent tr\u00e8s bien eux-m\u00eames dans ces deux documentaires : 40 ans que la population est tenue dans le mensonge et  l\u2019ignorance.<\/p>\n<h1>Que serait la dette de la France sans les int\u00e9r\u00eats ?<\/h1>\n<p>Un calcul de ce que serait la dette aujourd\u2019hui si la France n\u2019avait pas \u00e9t\u00e9 oblig\u00e9e de payer des int\u00e9r\u00eats \u00e0 des banques priv\u00e9es : la dette serait quasi nulle !<\/p>\n<p><a href=\"https:\/\/saint-andre-d-olerargues.com\/wpdossier\/wp-content\/uploads\/2015\/11\/dette7.jpg\"><img loading=\"lazy\" src=\"https:\/\/saint-andre-d-olerargues.com\/wpdossier\/wp-content\/uploads\/2015\/11\/dette7.jpg\" alt=\"dette7\" width=\"640\" height=\"369\" class=\"alignnone size-full wp-image-5058\" srcset=\"https:\/\/saint-andre-d-olerargues.com\/wpdossier\/wp-content\/uploads\/2015\/11\/dette7.jpg 640w, https:\/\/saint-andre-d-olerargues.com\/wpdossier\/wp-content\/uploads\/2015\/11\/dette7-300x173.jpg 300w\" sizes=\"(max-width: 640px) 100vw, 640px\" \/><\/a><\/p>\n<p>Les int\u00e9r\u00eats de la dette repr\u00e9sentent presque 50 milliards d\u2019euros par an, c\u2019est colossal : c\u2019est  plus que le budget des forces arm\u00e9es Fran\u00e7aises qui n\u2019est que de 31,4 milliards d\u2019euros en 2015 (source wikipedia)<\/p>\n<h2>La France emprunte et emprunte encore que pour payer les int\u00e9r\u00eats aux banques priv\u00e9s !!!<\/h2>\n<p>Mais tout le monde s\u2019en fout !<\/p>\n","protected":false},"excerpt":{"rendered":"<p>Source : Mickael &#8211; Fondateur de News360x &#8211; Mardi 10 Novembre dernier, France 5 diffusait: \u00ab La dette, chronique d\u2019une gangr\u00e8ne \u00bb. Mais le titre aurait tout aussi bien \u00eatre: \u00ab La dette: 40 ans d\u2019enfumage et d\u2019esbroufes \u00bb D\u00e9cryptage : Le documentaire d\u00e9marre l\u2019histoire de la dette en 1974, ce qui pose forc\u00e9ment probl\u00e8me, puisque cela occulte l\u2019ann\u00e9e 1973, plus particuli\u00e8rement le 3 janvier 1973, date de la loi Val\u00e9ry Giscard d\u2019Estaing (valet de la finance) qui va obliger l\u2019\u00e9tat Fran\u00e7ais \u00e0 emprunter \u00e0 des banques priv\u00e9es, l\u00e0 ou avant elle pouvait emprunter \u00e0 la banque de France \u00e0 taux z\u00e9ro, ce qui fait \u00e9videmment une grosse diff\u00e9rence, puisque depuis cette date, la France doit payer des int\u00e9r\u00eats aux banques, l\u00e0 o\u00f9 elle n\u2019en avait pas l\u2019obligation avant !!! On apprend dans le reportage une autre info hallucinante ! M\u00eame lorsqu\u2019on en a d\u00e9j\u00e0 connaissance, le fait de l\u2019entendre de la bouche d\u2019un des responsables, cr\u00e9e encore un choc. Explication: Vous avez surement entendu parler des 3% de d\u00e9ficit maxi de PIB impos\u00e9 par l\u2019Union Europ\u00e9enne. Savez-vous d\u2019o\u00f9 ce chiffre provient et comment il a \u00e9t\u00e9 calcul\u00e9? Il remonte aux ann\u00e9es Mitterrand o\u00f9 des conseillers ont d\u00e9cid\u00e9, comme cela, [&hellip;]<\/p>\n","protected":false},"author":1,"featured_media":0,"comment_status":"open","ping_status":"open","sticky":false,"template":"","format":"standard","meta":[],"categories":[21],"tags":[],"_links":{"self":[{"href":"https:\/\/saint-andre-d-olerargues.com\/wpdossier\/wp-json\/wp\/v2\/posts\/5056"}],"collection":[{"href":"https:\/\/saint-andre-d-olerargues.com\/wpdossier\/wp-json\/wp\/v2\/posts"}],"about":[{"href":"https:\/\/saint-andre-d-olerargues.com\/wpdossier\/wp-json\/wp\/v2\/types\/post"}],"author":[{"embeddable":true,"href":"https:\/\/saint-andre-d-olerargues.com\/wpdossier\/wp-json\/wp\/v2\/users\/1"}],"replies":[{"embeddable":true,"href":"https:\/\/saint-andre-d-olerargues.com\/wpdossier\/wp-json\/wp\/v2\/comments?post=5056"}],"version-history":[{"count":1,"href":"https:\/\/saint-andre-d-olerargues.com\/wpdossier\/wp-json\/wp\/v2\/posts\/5056\/revisions"}],"predecessor-version":[{"id":5059,"href":"https:\/\/saint-andre-d-olerargues.com\/wpdossier\/wp-json\/wp\/v2\/posts\/5056\/revisions\/5059"}],"wp:attachment":[{"href":"https:\/\/saint-andre-d-olerargues.com\/wpdossier\/wp-json\/wp\/v2\/media?parent=5056"}],"wp:term":[{"taxonomy":"category","embeddable":true,"href":"https:\/\/saint-andre-d-olerargues.com\/wpdossier\/wp-json\/wp\/v2\/categories?post=5056"},{"taxonomy":"post_tag","embeddable":true,"href":"https:\/\/saint-andre-d-olerargues.com\/wpdossier\/wp-json\/wp\/v2\/tags?post=5056"}],"curies":[{"name":"wp","href":"https:\/\/api.w.org\/{rel}","templated":true}]}}