{"id":6753,"date":"2018-03-21T18:08:55","date_gmt":"2018-03-21T17:08:55","guid":{"rendered":"http:\/\/saint-andre-d-olerargues.com\/wpdossier\/?p=6753"},"modified":"2018-03-21T18:08:55","modified_gmt":"2018-03-21T17:08:55","slug":"du-fonctionnement-de-facebook-au-fonctionnement-de-linky","status":"publish","type":"post","link":"https:\/\/saint-andre-d-olerargues.com\/wpdossier\/blog\/2018\/03\/21\/du-fonctionnement-de-facebook-au-fonctionnement-de-linky\/","title":{"rendered":"Du fonctionnement de Facebook au Fonctionnement de Linky"},"content":{"rendered":"<p><a href=\"https:\/\/saint-andre-d-olerargues.com\/wpdossier\/wp-content\/uploads\/2018\/03\/linkyfacebook.jpg\"><img loading=\"lazy\" src=\"https:\/\/saint-andre-d-olerargues.com\/wpdossier\/wp-content\/uploads\/2018\/03\/linkyfacebook.jpg\" alt=\"\" width=\"772\" height=\"383\" class=\"alignnone size-full wp-image-6754\" srcset=\"https:\/\/saint-andre-d-olerargues.com\/wpdossier\/wp-content\/uploads\/2018\/03\/linkyfacebook.jpg 772w, https:\/\/saint-andre-d-olerargues.com\/wpdossier\/wp-content\/uploads\/2018\/03\/linkyfacebook-300x149.jpg 300w, https:\/\/saint-andre-d-olerargues.com\/wpdossier\/wp-content\/uploads\/2018\/03\/linkyfacebook-768x381.jpg 768w, https:\/\/saint-andre-d-olerargues.com\/wpdossier\/wp-content\/uploads\/2018\/03\/linkyfacebook-242x120.jpg 242w\" sizes=\"(max-width: 772px) 100vw, 772px\" \/><\/a><\/p>\n<h1>FACEBOOK revend les donn\u00e9es que vous lui avez communiqu\u00e9es.<\/h1>\n<p>La teneur de la r\u00e9ponse est de nature \u00e0 remettre en question le mod\u00e8le \u00e9conomique du r\u00e9seau social, qui a construit sa prosp\u00e9rit\u00e9 sur une fausse gratuit\u00e9 : derri\u00e8re l\u2019acc\u00e8s \u00e0 une plate-forme d\u2019\u00e9change pour rester en contact avec ses \u00ab amis \u00bb et s\u2019informer se cache une mon\u00e9tisation des donn\u00e9es des utilisateurs aux vis\u00e9es commerciales ou politiques. <\/p>\n<p>L\u2019adage selon lequel \u00ab Si le service est gratuit, c\u2019est que vous \u00eates le produit \u00bb n\u2019a jamais \u00e9t\u00e9 aussi pertinent. Par na\u00efvet\u00e9 plus ou moins assum\u00e9e, les internautes, berc\u00e9s par les promesses des g\u00e9ants de l\u2019Internet, n\u2019ont pas pr\u00eat\u00e9 suffisamment attention aux cons\u00e9quences de ce que cela signifiait.<\/p>\n<p>Cette affaire est d\u2019autant plus grave qu\u2019elle n\u2019est pas isol\u00e9e. Facebook est aussi accus\u00e9 de ne pas avoir pris suffisamment au s\u00e9rieux l\u2019ing\u00e9rence russe dans l\u2019\u00e9lection pr\u00e9sidentielle am\u00e9ricaine et de participer \u00e0 la diffusion de fausses informations et de contenus racistes ou faisant l\u2019apologie du terrorisme.<\/p>\n<p>En d\u00e9but d\u2019ann\u00e9e, Mark Zuckerberg avait pris une r\u00e9solution : \u00ab r\u00e9parer \u00bb Facebook pour regagner la confiance de ses utilisateurs. Ce nouveau scandale montre toute la difficult\u00e9 qu\u2019a le r\u00e9seau social \u00e0 se r\u00e9guler lui-m\u00eame. Il est grand temps que les pouvoirs publics s\u2019emparent du sujet pour prot\u00e9ger des donn\u00e9es personnelles que nous avons imprudemment laiss\u00e9es \u00e0 la merci des convoitises.<\/p>\n<h1>Linky  vous vole des donn\u00e9es qu\u2019il va revendre. L\u2019espion qui vous veut du bien<\/h1>\n<p>Linky pourra collecter \u00e9norm\u00e9ment de donn\u00e9es nous concernant qui sont potentiellement r\u00e9utilisables.<br \/>\nChauffer votre logement, prot\u00e9ger vos biens, allumer la lumi\u00e8re, ou encore fermer les volets de fa\u00e7on plus rationnelle et plus efficace&#8230; les solutions domotiques qui vont se multiplier sous pr\u00e9texte d\u2019am\u00e9liorer votre confort au quotidien. Bient\u00f4t les laves vaisselles, machines \u00e0 laver etc. seront connect\u00e9s. Toute cette domotique sera enregistr\u00e9e par les compteurs Linky.<\/p>\n<p>INEDIS pourra intervenir \u00e0 distance sur ces appareils pour moduler les consommations et pourra aussi revendre toutes ces donn\u00e9es aux entreprises int\u00e9ress\u00e9es par les d\u00e9tails de vie de chacun afin de proposer des publicit\u00e9s et des services cibl\u00e9s !<\/p>\n<h3>Est-ce le mod\u00e8le de civilisation que nous voulons ?<\/h3>\n","protected":false},"excerpt":{"rendered":"<p>FACEBOOK revend les donn\u00e9es que vous lui avez communiqu\u00e9es. La teneur de la r\u00e9ponse est de nature \u00e0 remettre en question le mod\u00e8le \u00e9conomique du r\u00e9seau social, qui a construit sa prosp\u00e9rit\u00e9 sur une fausse gratuit\u00e9 : derri\u00e8re l\u2019acc\u00e8s \u00e0 une plate-forme d\u2019\u00e9change pour rester en contact avec ses \u00ab amis \u00bb et s\u2019informer se cache une mon\u00e9tisation des donn\u00e9es des utilisateurs aux vis\u00e9es commerciales ou politiques. L\u2019adage selon lequel \u00ab Si le service est gratuit, c\u2019est que vous \u00eates le produit \u00bb n\u2019a jamais \u00e9t\u00e9 aussi pertinent. Par na\u00efvet\u00e9 plus ou moins assum\u00e9e, les internautes, berc\u00e9s par les promesses des g\u00e9ants de l\u2019Internet, n\u2019ont pas pr\u00eat\u00e9 suffisamment attention aux cons\u00e9quences de ce que cela signifiait. Cette affaire est d\u2019autant plus grave qu\u2019elle n\u2019est pas isol\u00e9e. Facebook est aussi accus\u00e9 de ne pas avoir pris suffisamment au s\u00e9rieux l\u2019ing\u00e9rence russe dans l\u2019\u00e9lection pr\u00e9sidentielle am\u00e9ricaine et de participer \u00e0 la diffusion de fausses informations et de contenus racistes ou faisant l\u2019apologie du terrorisme. En d\u00e9but d\u2019ann\u00e9e, Mark Zuckerberg avait pris une r\u00e9solution : \u00ab r\u00e9parer \u00bb Facebook pour regagner la confiance de ses utilisateurs. Ce nouveau scandale montre toute la difficult\u00e9 qu\u2019a le r\u00e9seau social \u00e0 se r\u00e9guler lui-m\u00eame. Il est [&hellip;]<\/p>\n","protected":false},"author":1,"featured_media":0,"comment_status":"open","ping_status":"open","sticky":false,"template":"","format":"standard","meta":[],"categories":[21],"tags":[],"_links":{"self":[{"href":"https:\/\/saint-andre-d-olerargues.com\/wpdossier\/wp-json\/wp\/v2\/posts\/6753"}],"collection":[{"href":"https:\/\/saint-andre-d-olerargues.com\/wpdossier\/wp-json\/wp\/v2\/posts"}],"about":[{"href":"https:\/\/saint-andre-d-olerargues.com\/wpdossier\/wp-json\/wp\/v2\/types\/post"}],"author":[{"embeddable":true,"href":"https:\/\/saint-andre-d-olerargues.com\/wpdossier\/wp-json\/wp\/v2\/users\/1"}],"replies":[{"embeddable":true,"href":"https:\/\/saint-andre-d-olerargues.com\/wpdossier\/wp-json\/wp\/v2\/comments?post=6753"}],"version-history":[{"count":1,"href":"https:\/\/saint-andre-d-olerargues.com\/wpdossier\/wp-json\/wp\/v2\/posts\/6753\/revisions"}],"predecessor-version":[{"id":6755,"href":"https:\/\/saint-andre-d-olerargues.com\/wpdossier\/wp-json\/wp\/v2\/posts\/6753\/revisions\/6755"}],"wp:attachment":[{"href":"https:\/\/saint-andre-d-olerargues.com\/wpdossier\/wp-json\/wp\/v2\/media?parent=6753"}],"wp:term":[{"taxonomy":"category","embeddable":true,"href":"https:\/\/saint-andre-d-olerargues.com\/wpdossier\/wp-json\/wp\/v2\/categories?post=6753"},{"taxonomy":"post_tag","embeddable":true,"href":"https:\/\/saint-andre-d-olerargues.com\/wpdossier\/wp-json\/wp\/v2\/tags?post=6753"}],"curies":[{"name":"wp","href":"https:\/\/api.w.org\/{rel}","templated":true}]}}