{"id":858,"date":"2013-09-28T15:16:57","date_gmt":"2013-09-28T13:16:57","guid":{"rendered":"http:\/\/saint-andre-d-olerargues.com\/wpdossier\/?p=858"},"modified":"2013-09-28T18:54:23","modified_gmt":"2013-09-28T16:54:23","slug":"ballade-des-seigneurs-du-temps-jadis","status":"publish","type":"post","link":"https:\/\/saint-andre-d-olerargues.com\/wpdossier\/blog\/2013\/09\/28\/ballade-des-seigneurs-du-temps-jadis\/","title":{"rendered":"<strong>Ballade des seigneurs du temps jadis <\/strong>"},"content":{"rendered":"<p><a href=\"https:\/\/saint-andre-d-olerargues.com\/wpdossier\/wp-content\/uploads\/2013\/09\/Villon.jpg\"><img loading=\"lazy\" src=\"https:\/\/saint-andre-d-olerargues.com\/wpdossier\/wp-content\/uploads\/2013\/09\/Villon.jpg\" alt=\"Villon\" width=\"198\" height=\"370\" class=\"alignnone size-full wp-image-859\" srcset=\"https:\/\/saint-andre-d-olerargues.com\/wpdossier\/wp-content\/uploads\/2013\/09\/Villon.jpg 198w, https:\/\/saint-andre-d-olerargues.com\/wpdossier\/wp-content\/uploads\/2013\/09\/Villon-160x300.jpg 160w\" sizes=\"(max-width: 198px) 100vw, 198px\" \/><\/a><\/p>\n<p>Encore un \u00ab petit Villon \u00bb dans cette cat\u00e9gorie. Apr\u00e8s, promis je n\u2019y reviendrai pas tout de suite.<br \/>\nD\u00e9sol\u00e9, j\u2019aime bien la po\u00e9sie de Villon.<\/p>\n<p>Donc, vous vous souvenez de la Ballade des Dames du temps jadis :<\/p>\n<blockquote><p>\n\u00ab Dites-moi o\u00f9, n&rsquo;en quel pays,<br \/>\nEst Flora la belle Romaine,<br \/>\nArchipiades, n\u00e9 Tha\u00efs,<br \/>\nQui fut sa cousine germaine,( \u2026 ) \u00bb etc.<\/blockquote>\n<p>Vous pouvez r\u00e9\u00e9couter BRASSENS chanter cette ballade sur ce lien : <a href=\"https:\/\/www.youtube.com\/watch?v=eeG1CpuhVsQ\">\u00ab\u00a0Ballade des Dames du temps jadis\u00a0\u00bb<\/a><\/p>\n<p>Mais &#8230;. connaissez-vous \u00ab\u00a0La Ballade des Seigneurs du temps jadis\u00a0\u00bb ?<br \/>\nIl existe une tr\u00e8s belle version mise en musique par Fran\u00e7ois Lancelot et interpr\u00e9t\u00e9 par l\u2019excellent  Marc Ogeret, sp\u00e9cialiste des chants r\u00e9volutionnaires, anars, et communards entre autres. Je vous encourage \u00e0 faire une petite recherche sur YouTube et \u00e9couter. <\/p>\n<p>Voici un lien pour La Ballade des Seigneurs du temps jadis qui, d&rsquo;ailleurs donne acc\u00e8s \u00e0 un site de po\u00e9sies chant\u00e9es tr\u00e8s int\u00e9ressant : <a href=\"http:\/\/djrimbaud.tumblr.com\/post\/29666199822\/ogeret-villon \">\u00ab\u00a0Ballade des Seigneurs du temps jadis\u00a0\u00bb<\/a><\/p>\n<blockquote><p>\nQui plus, o\u00f9 est li tiers Calixte,<br \/>\n\u2028Dernier d\u00e9c\u00e9d\u00e9 de ce nom,<br \/>\n\u2028Qui quatre ans tint le papaliste,<br \/>\n\u2028Alphonse le roi d\u2019Aragon,<br \/>\n\u2028Le gracieux duc de Bourbon,<br \/>\n\u2028Et Artus le duc de Bretagne,<br \/>\n\u2028Et Charles septi\u00e8me le bon ?<br \/>\n\u2028Mais o\u00f9 est le preux Charlemagne ? <\/p>\n<p>\u2028\u2028Semblablement, le roi scotiste<br \/>\n\u2028Qui demi face ot, ce dit-on,<br \/>\n\u2028Vermeille comme une \u00e9mastiste<br \/>\n\u2028Depuis le front jusqu\u2019au menton,<br \/>\n\u2028Le roi de Chypre de renom,<br \/>\n\u2028H\u00e9las ! et le bon roi d\u2019Espagne<br \/>\n\u2028Duquel je ne sais pas le nom ?<br \/>\n\u2028Mais o\u00f9 est le preux Charlemagne ? <\/p>\n<p>\u2028\u2028D\u2019en plus parler je me d\u00e9siste ;<br \/>\n\u2028Ce n\u2019est que toute abusion.<br \/>\n\u2028Il n\u2019est qui contre mort r\u00e9siste<br \/>\n\u2028Ne qui treuve provision.<br \/>\n\u2028Encor fais une question :<br \/>\n\u2028Lancelot le roi de Behaygne,<br \/>\n\u2028O\u00f9 est-il ? o\u00f9 est son tayon ?<br \/>\n\u2028Mais o\u00f9 est le preux Charlemagne ? <\/p>\n<p>\u2028\u2028O\u00f9 est Claquin, le bon Breton ?<br \/>\n\u2028O\u00f9 le comte Dauphin d\u2019Auvergne,<br \/>\n\u2028Et le bon feu duc d\u2019Alen\u00e7on ?<br \/>\n\u2028Mais o\u00f9 est le preux Charlemagne ?\n<\/blockquote>\n","protected":false},"excerpt":{"rendered":"<p>Encore un \u00ab petit Villon \u00bb dans cette cat\u00e9gorie. Apr\u00e8s, promis je n\u2019y reviendrai pas tout de suite. D\u00e9sol\u00e9, j\u2019aime bien la po\u00e9sie de Villon. Donc, vous vous souvenez de la Ballade des Dames du temps jadis : \u00ab Dites-moi o\u00f9, n&rsquo;en quel pays, Est Flora la belle Romaine, Archipiades, n\u00e9 Tha\u00efs, Qui fut sa cousine germaine,( \u2026 ) \u00bb etc. Vous pouvez r\u00e9\u00e9couter BRASSENS chanter cette ballade sur ce lien : \u00ab\u00a0Ballade des Dames du temps jadis\u00a0\u00bb Mais &#8230;. connaissez-vous \u00ab\u00a0La Ballade des Seigneurs du temps jadis\u00a0\u00bb ? Il existe une tr\u00e8s belle version mise en musique par Fran\u00e7ois Lancelot et interpr\u00e9t\u00e9 par l\u2019excellent Marc Ogeret, sp\u00e9cialiste des chants r\u00e9volutionnaires, anars, et communards entre autres. Je vous encourage \u00e0 faire une petite recherche sur YouTube et \u00e9couter. Voici un lien pour La Ballade des Seigneurs du temps jadis qui, d&rsquo;ailleurs donne acc\u00e8s \u00e0 un site de po\u00e9sies chant\u00e9es tr\u00e8s int\u00e9ressant : \u00ab\u00a0Ballade des Seigneurs du temps jadis\u00a0\u00bb Qui plus, o\u00f9 est li tiers Calixte, \u2028Dernier d\u00e9c\u00e9d\u00e9 de ce nom, \u2028Qui quatre ans tint le papaliste, \u2028Alphonse le roi d\u2019Aragon, \u2028Le gracieux duc de Bourbon, \u2028Et Artus le duc de Bretagne, \u2028Et Charles septi\u00e8me le bon ? \u2028Mais o\u00f9 est [&hellip;]<\/p>\n","protected":false},"author":1,"featured_media":0,"comment_status":"open","ping_status":"open","sticky":false,"template":"","format":"standard","meta":[],"categories":[10],"tags":[],"_links":{"self":[{"href":"https:\/\/saint-andre-d-olerargues.com\/wpdossier\/wp-json\/wp\/v2\/posts\/858"}],"collection":[{"href":"https:\/\/saint-andre-d-olerargues.com\/wpdossier\/wp-json\/wp\/v2\/posts"}],"about":[{"href":"https:\/\/saint-andre-d-olerargues.com\/wpdossier\/wp-json\/wp\/v2\/types\/post"}],"author":[{"embeddable":true,"href":"https:\/\/saint-andre-d-olerargues.com\/wpdossier\/wp-json\/wp\/v2\/users\/1"}],"replies":[{"embeddable":true,"href":"https:\/\/saint-andre-d-olerargues.com\/wpdossier\/wp-json\/wp\/v2\/comments?post=858"}],"version-history":[{"count":9,"href":"https:\/\/saint-andre-d-olerargues.com\/wpdossier\/wp-json\/wp\/v2\/posts\/858\/revisions"}],"predecessor-version":[{"id":867,"href":"https:\/\/saint-andre-d-olerargues.com\/wpdossier\/wp-json\/wp\/v2\/posts\/858\/revisions\/867"}],"wp:attachment":[{"href":"https:\/\/saint-andre-d-olerargues.com\/wpdossier\/wp-json\/wp\/v2\/media?parent=858"}],"wp:term":[{"taxonomy":"category","embeddable":true,"href":"https:\/\/saint-andre-d-olerargues.com\/wpdossier\/wp-json\/wp\/v2\/categories?post=858"},{"taxonomy":"post_tag","embeddable":true,"href":"https:\/\/saint-andre-d-olerargues.com\/wpdossier\/wp-json\/wp\/v2\/tags?post=858"}],"curies":[{"name":"wp","href":"https:\/\/api.w.org\/{rel}","templated":true}]}}